{"id":31,"date":"2019-02-06T16:10:00","date_gmt":"2019-02-06T18:10:00","guid":{"rendered":"http:\/\/blogdoedvaldomagalhaes.com.br\/index.php\/2019\/02\/06\/costureira-que-foi-arrastada-de-dentro\/"},"modified":"2019-02-10T10:24:57","modified_gmt":"2019-02-10T13:24:57","slug":"costureira-que-foi-arrastada-de-dentro","status":"publish","type":"post","link":"https:\/\/blogdoedvaldomagalhaes.com.br\/index.php\/2019\/02\/06\/costureira-que-foi-arrastada-de-dentro\/","title":{"rendered":"Costureira que foi arrastada de dentro da sua pr\u00f3pria resid\u00eancia em Caruaru, continua desaparecida"},"content":{"rendered":"<div class=\"separator\" style=\"clear: both; text-align: center;\">\n<a href=\"https:\/\/2.bp.blogspot.com\/-QTblG2IYUvQ\/XFsFFn2_lnI\/AAAAAAABCD8\/O0okscaRZWg9oTUxjLmevJHb-eLzXjJQACLcBGAs\/s1600\/ela.jpg\" imageanchor=\"1\" style=\"margin-left: 1em; margin-right: 1em;\"><img loading=\"lazy\" decoding=\"async\" border=\"0\" data-original-height=\"960\" data-original-width=\"720\" height=\"640\" src=\"http:\/\/blogdoedvaldomagalhaes.com.br\/wp-content\/uploads\/2019\/02\/ela.jpg\" width=\"480\"><\/a><\/div>\n<div style=\"background-color: white; margin-bottom: 6px; text-align: justify;\"><\/div>\n<div style=\"background-color: white; margin-bottom: 6px; margin-top: 6px; text-align: justify;\">\nA costureira Nadja Lima Ribeiro, de 53 anos, residente do bairro Jos\u00e9 Carlos de Oliveira, foi arrastada de dentro da casa, quando chegou um ve\u00edculo da cor prata de modelo n\u00e3o informado, com dois ocupantes, que disseram ser policiais civis. Eles falaram ao filho da mulher que estavam cumprindo um mandado de pris\u00e3o, e acabaram levando a senhora.<\/div>\n<div style=\"background-color: white; margin-bottom: 6px; margin-top: 6px; text-align: justify;\"><\/div>\n<div style=\"background-color: white; margin-bottom: 6px; margin-top: 6px; text-align: justify;\">\nA fam\u00edlia de Nadja esteve na delegacia a procura dela, e ficaram sabendo que nada consta contra a mulher. Segundo informa\u00e7\u00f5es de familiares, ela&nbsp;nunca teve problemas com a justi\u00e7a.<\/div>\n<div style=\"background-color: white; margin-bottom: 6px; margin-top: 6px; text-align: justify;\"><\/div>\n<div style=\"background-color: white; margin-bottom: 6px; margin-top: 6px; text-align: justify;\">\nO fato foi registrado na delegacia de plant\u00e3o da cidade de Caruaru, e at\u00e9 momento n\u00e3o se sabe a motiva\u00e7\u00e3o, nem o paradeiro da mulher.<\/div>\n<div style=\"background-color: white; margin-bottom: 6px; margin-top: 6px; text-align: justify;\"><\/div>\n<div style=\"background-color: white; margin-bottom: 6px; margin-top: 6px; text-align: justify;\">\nCompartilhem esta mat\u00e9ria, para ajudar na localiza\u00e7\u00e3o da senhora Nadja.<\/div>\n<div style=\"background-color: white; margin-bottom: 6px; margin-top: 6px; text-align: justify;\"><\/div>\n<div style=\"background-color: white; margin-bottom: 6px; margin-top: 6px; text-align: justify;\">\nInforma\u00e7\u00f5es: Cl\u00e1udio Silva\/Caruaru Hoje.<\/div>\n<div style=\"background-color: white; margin-bottom: 6px; margin-top: 6px; text-align: justify;\"><\/div>\n","protected":false},"excerpt":{"rendered":"<p>A costureira Nadja Lima Ribeiro, de 53 anos, residente do bairro Jos\u00e9 Carlos de Oliveira, foi arrastada de dentro da&hellip;<\/p>\n","protected":false},"author":1,"featured_media":0,"comment_status":"open","ping_status":"open","sticky":false,"template":"","format":"standard","meta":{"footnotes":""},"categories":[14121],"tags":[2,36,37,13],"class_list":["post-31","post","type-post","status-publish","format-standard","hentry","category-policial","tag-blog-do-edvaldo-magalhaes","tag-continua-desaparecida","tag-costureira-que-foi-arrastada-de-dentro-da-sua-propria-residencia-em-caruaru","tag-policial"],"_links":{"self":[{"href":"https:\/\/blogdoedvaldomagalhaes.com.br\/index.php\/wp-json\/wp\/v2\/posts\/31","targetHints":{"allow":["GET"]}}],"collection":[{"href":"https:\/\/blogdoedvaldomagalhaes.com.br\/index.php\/wp-json\/wp\/v2\/posts"}],"about":[{"href":"https:\/\/blogdoedvaldomagalhaes.com.br\/index.php\/wp-json\/wp\/v2\/types\/post"}],"author":[{"embeddable":true,"href":"https:\/\/blogdoedvaldomagalhaes.com.br\/index.php\/wp-json\/wp\/v2\/users\/1"}],"replies":[{"embeddable":true,"href":"https:\/\/blogdoedvaldomagalhaes.com.br\/index.php\/wp-json\/wp\/v2\/comments?post=31"}],"version-history":[{"count":2,"href":"https:\/\/blogdoedvaldomagalhaes.com.br\/index.php\/wp-json\/wp\/v2\/posts\/31\/revisions"}],"predecessor-version":[{"id":38220,"href":"https:\/\/blogdoedvaldomagalhaes.com.br\/index.php\/wp-json\/wp\/v2\/posts\/31\/revisions\/38220"}],"wp:attachment":[{"href":"https:\/\/blogdoedvaldomagalhaes.com.br\/index.php\/wp-json\/wp\/v2\/media?parent=31"}],"wp:term":[{"taxonomy":"category","embeddable":true,"href":"https:\/\/blogdoedvaldomagalhaes.com.br\/index.php\/wp-json\/wp\/v2\/categories?post=31"},{"taxonomy":"post_tag","embeddable":true,"href":"https:\/\/blogdoedvaldomagalhaes.com.br\/index.php\/wp-json\/wp\/v2\/tags?post=31"}],"curies":[{"name":"wp","href":"https:\/\/api.w.org\/{rel}","templated":true}]}}