{"id":3098,"date":"2018-03-04T13:06:00","date_gmt":"2018-03-04T16:06:00","guid":{"rendered":"http:\/\/blogdoedvaldomagalhaes.com.br\/index.php\/2018\/03\/04\/caminhao-e-carga-de-bebidas-roubados\/"},"modified":"2019-02-09T02:04:31","modified_gmt":"2019-02-09T04:04:31","slug":"caminhao-e-carga-de-bebidas-roubados","status":"publish","type":"post","link":"https:\/\/blogdoedvaldomagalhaes.com.br\/index.php\/2018\/03\/04\/caminhao-e-carga-de-bebidas-roubados\/","title":{"rendered":"Caminh\u00e3o e carga de bebidas roubados s\u00e3o recuperados em Caruaru"},"content":{"rendered":"<div class=\"separator\" style=\"clear: both; text-align: center;\">\n<a href=\"https:\/\/2.bp.blogspot.com\/-waHjCizF62c\/Wpvu_jU7ocI\/AAAAAAAArbs\/bwb3jBPe5sQkpd7AScsqajgNRDWCmh1XQCLcBGAs\/s1600\/prf.jpg\" imageanchor=\"1\" style=\"margin-left: 1em; margin-right: 1em;\"><img loading=\"lazy\" decoding=\"async\" border=\"0\" data-original-height=\"360\" data-original-width=\"640\" height=\"360\" src=\"http:\/\/blogdoedvaldomagalhaes.com.br\/wp-content\/uploads\/2018\/03\/prf.jpg\" width=\"640\" \/><\/a><\/div>\n<div class=\"separator\" style=\"clear: both; text-align: center;\">\nFoto: Divulga\u00e7\u00e3o\/PRF<\/div>\n<div style=\"background-color: white; box-sizing: border-box; line-height: 24px; margin-bottom: 10px; text-align: justify;\">\n<\/div>\n<div style=\"background-color: white; box-sizing: border-box; line-height: 24px; margin-bottom: 10px; text-align: justify;\">\nUm caminh\u00e3o e uma carga de bebidas alco\u00f3licas foram recuperados pela Pol\u00edcia Rodovi\u00e1ria Federal (PRF), em Caruaru, Agreste de Pernambuco. O ve\u00edculo havia sido levado em fevereiro deste ano e estava sendo utilizado para transportar mercadorias roubadas.<\/div>\n<div style=\"background-color: white; box-sizing: border-box; line-height: 24px; margin-bottom: 10px; text-align: justify;\">\nO N\u00facleo de Intelig\u00eancia da PRF recebeu informa\u00e7\u00f5es do Departamento de Repress\u00e3o aos Crimes Patrimoniais (Depatri), de que um caminh\u00e3o roubado estaria nas proximidades de um&nbsp; posto de combust\u00edvel, que fica \u00e0s margens da BR 232. Ao chegar no local, os policiais encontraram o ve\u00edculo carregado com cerca de 1.300 caixas de vodca e&nbsp; whisky.<\/div>\n<div style=\"background-color: white; box-sizing: border-box; line-height: 24px; margin-bottom: 10px; text-align: justify;\">\nO caminh\u00e3o portava placas falsas de Serop\u00e9dica, no Rio de Janeiro. N\u00e3o havia ningu\u00e9m no ve\u00edculo.<\/div>\n<div style=\"background-color: white; box-sizing: border-box; line-height: 24px; margin-bottom: 10px; text-align: justify;\">\nA carga de bebidas e o caminh\u00e3o foram encaminhados \u00e0 Secretaria Estadual da Fazenda (SEFAZ), em S\u00e3o Caetano, para avalia\u00e7\u00e3o da mercadoria e posterior devolu\u00e7\u00e3o ao propriet\u00e1rio.<\/div>\n","protected":false},"excerpt":{"rendered":"<p>Foto: Divulga\u00e7\u00e3o\/PRF Um caminh\u00e3o e uma carga de bebidas alco\u00f3licas foram recuperados pela Pol\u00edcia Rodovi\u00e1ria Federal (PRF), em Caruaru, Agreste&hellip;<\/p>\n","protected":false},"author":1,"featured_media":0,"comment_status":"open","ping_status":"open","sticky":false,"template":"","format":"standard","meta":{"footnotes":""},"categories":[1],"tags":[2,3460,13,3461,3462,3463],"class_list":["post-3098","post","type-post","status-publish","format-standard","hentry","category-sem-categoria","tag-blog-do-edvaldo-magalhaes","tag-caminhao-e-carga-de-bebidas-roubados-sao-recuperados-em-caruaru","tag-policial","tag-sao-caetano","tag-secretaria-estadual-da-fazenda","tag-sefaz"],"_links":{"self":[{"href":"https:\/\/blogdoedvaldomagalhaes.com.br\/index.php\/wp-json\/wp\/v2\/posts\/3098","targetHints":{"allow":["GET"]}}],"collection":[{"href":"https:\/\/blogdoedvaldomagalhaes.com.br\/index.php\/wp-json\/wp\/v2\/posts"}],"about":[{"href":"https:\/\/blogdoedvaldomagalhaes.com.br\/index.php\/wp-json\/wp\/v2\/types\/post"}],"author":[{"embeddable":true,"href":"https:\/\/blogdoedvaldomagalhaes.com.br\/index.php\/wp-json\/wp\/v2\/users\/1"}],"replies":[{"embeddable":true,"href":"https:\/\/blogdoedvaldomagalhaes.com.br\/index.php\/wp-json\/wp\/v2\/comments?post=3098"}],"version-history":[{"count":1,"href":"https:\/\/blogdoedvaldomagalhaes.com.br\/index.php\/wp-json\/wp\/v2\/posts\/3098\/revisions"}],"predecessor-version":[{"id":28818,"href":"https:\/\/blogdoedvaldomagalhaes.com.br\/index.php\/wp-json\/wp\/v2\/posts\/3098\/revisions\/28818"}],"wp:attachment":[{"href":"https:\/\/blogdoedvaldomagalhaes.com.br\/index.php\/wp-json\/wp\/v2\/media?parent=3098"}],"wp:term":[{"taxonomy":"category","embeddable":true,"href":"https:\/\/blogdoedvaldomagalhaes.com.br\/index.php\/wp-json\/wp\/v2\/categories?post=3098"},{"taxonomy":"post_tag","embeddable":true,"href":"https:\/\/blogdoedvaldomagalhaes.com.br\/index.php\/wp-json\/wp\/v2\/tags?post=3098"}],"curies":[{"name":"wp","href":"https:\/\/api.w.org\/{rel}","templated":true}]}}