{"id":308,"date":"2018-12-30T18:46:00","date_gmt":"2018-12-30T20:46:00","guid":{"rendered":"http:\/\/blogdoedvaldomagalhaes.com.br\/index.php\/2018\/12\/30\/recadastramento-dos-cartoes-leva-idoso\/"},"modified":"2019-02-09T02:48:17","modified_gmt":"2019-02-09T04:48:17","slug":"recadastramento-dos-cartoes-leva-idoso","status":"publish","type":"post","link":"https:\/\/blogdoedvaldomagalhaes.com.br\/index.php\/2018\/12\/30\/recadastramento-dos-cartoes-leva-idoso\/","title":{"rendered":"Recadastramento dos cart\u00f5es Leva Idoso e Estudante Rural tem in\u00edcio em janeiro"},"content":{"rendered":"<div class=\"separator\" style=\"clear: both; text-align: center;\">\n<a href=\"https:\/\/3.bp.blogspot.com\/-NgRiokeujdo\/XCkSeXUPxLI\/AAAAAAABAcU\/VaS9rzHnT7AW6J0L6Qh0NOc8liiMEvsmACLcBGAs\/s1600\/leva.jpg\" imageanchor=\"1\" style=\"margin-left: 1em; margin-right: 1em;\"><img loading=\"lazy\" decoding=\"async\" border=\"0\" data-original-height=\"450\" data-original-width=\"1140\" height=\"252\" src=\"http:\/\/blogdoedvaldomagalhaes.com.br\/wp-content\/uploads\/2018\/12\/leva.jpg\" width=\"640\" \/><\/a><\/div>\n<div style=\"text-align: justify;\">\n<\/div>\n<div style=\"text-align: justify;\">\nA Associa\u00e7\u00e3o das Empresas de Transportes de Passageiros de Caruaru \u2013 AETPC informa que o recadastramento para os usu\u00e1rios dos cart\u00f5es Leva Idoso e Estudante Rural tem in\u00edcio na pr\u00f3xima quarta-feira (02).<\/div>\n<div style=\"text-align: justify;\">\n<\/div>\n<div style=\"text-align: justify;\">\nPara realizar o recadastramento, o usu\u00e1rio deve comparecer ao atendimento do Leva que fica no 3\u00ba piso do Shopping Difusora, das 8h \u00e0s 18h, munido de original e c\u00f3pia do RG e&nbsp; do cart\u00e3o LEVA. No caso dos usu\u00e1rios do cart\u00e3o LEVA Estudante Rural, \u00e9 necess\u00e1rio apresentar ficha cadastral rural, assinada e carimbada pela Institui\u00e7\u00e3o de Ensino.&nbsp;<\/div>\n<div style=\"text-align: justify;\">\n<\/div>\n<div style=\"text-align: justify;\">\nA AETPC informa que todos os usu\u00e1rios do cart\u00e3o LEVA Idoso dever\u00e3o revalidar seu cart\u00e3o atrav\u00e9s de comprova\u00e7\u00e3o de vida. A a\u00e7\u00e3o tem como objetivo evitar fraudes no setor de transporte p\u00fablico de Caruaru e atualizar o cadastro dos usu\u00e1rios.&nbsp;<\/div>\n<div style=\"text-align: justify;\">\n<\/div>\n<div style=\"text-align: justify;\">\n<\/div>\n<div style=\"text-align: justify;\">\n<\/div>\n","protected":false},"excerpt":{"rendered":"<p>A Associa\u00e7\u00e3o das Empresas de Transportes de Passageiros de Caruaru \u2013 AETPC informa que o recadastramento para os usu\u00e1rios dos&hellip;<\/p>\n","protected":false},"author":1,"featured_media":0,"comment_status":"open","ping_status":"open","sticky":false,"template":"","format":"standard","meta":{"footnotes":""},"categories":[1],"tags":[2,6,302],"class_list":["post-308","post","type-post","status-publish","format-standard","hentry","category-sem-categoria","tag-blog-do-edvaldo-magalhaes","tag-noticias","tag-recadastramento-dos-cartoes-leva-idoso-e-estudante-rural-tem-inicio-em-janeiro"],"_links":{"self":[{"href":"https:\/\/blogdoedvaldomagalhaes.com.br\/index.php\/wp-json\/wp\/v2\/posts\/308","targetHints":{"allow":["GET"]}}],"collection":[{"href":"https:\/\/blogdoedvaldomagalhaes.com.br\/index.php\/wp-json\/wp\/v2\/posts"}],"about":[{"href":"https:\/\/blogdoedvaldomagalhaes.com.br\/index.php\/wp-json\/wp\/v2\/types\/post"}],"author":[{"embeddable":true,"href":"https:\/\/blogdoedvaldomagalhaes.com.br\/index.php\/wp-json\/wp\/v2\/users\/1"}],"replies":[{"embeddable":true,"href":"https:\/\/blogdoedvaldomagalhaes.com.br\/index.php\/wp-json\/wp\/v2\/comments?post=308"}],"version-history":[{"count":1,"href":"https:\/\/blogdoedvaldomagalhaes.com.br\/index.php\/wp-json\/wp\/v2\/posts\/308\/revisions"}],"predecessor-version":[{"id":37222,"href":"https:\/\/blogdoedvaldomagalhaes.com.br\/index.php\/wp-json\/wp\/v2\/posts\/308\/revisions\/37222"}],"wp:attachment":[{"href":"https:\/\/blogdoedvaldomagalhaes.com.br\/index.php\/wp-json\/wp\/v2\/media?parent=308"}],"wp:term":[{"taxonomy":"category","embeddable":true,"href":"https:\/\/blogdoedvaldomagalhaes.com.br\/index.php\/wp-json\/wp\/v2\/categories?post=308"},{"taxonomy":"post_tag","embeddable":true,"href":"https:\/\/blogdoedvaldomagalhaes.com.br\/index.php\/wp-json\/wp\/v2\/tags?post=308"}],"curies":[{"name":"wp","href":"https:\/\/api.w.org\/{rel}","templated":true}]}}