{"id":3072,"date":"2018-03-07T20:42:00","date_gmt":"2018-03-07T23:42:00","guid":{"rendered":"http:\/\/blogdoedvaldomagalhaes.com.br\/index.php\/2018\/03\/07\/festa-de-sao-jose-comeca-nesta-sexta\/"},"modified":"2019-02-09T02:04:50","modified_gmt":"2019-02-09T04:04:50","slug":"festa-de-sao-jose-comeca-nesta-sexta","status":"publish","type":"post","link":"https:\/\/blogdoedvaldomagalhaes.com.br\/index.php\/2018\/03\/07\/festa-de-sao-jose-comeca-nesta-sexta\/","title":{"rendered":"Festa de S\u00e3o Jos\u00e9 come\u00e7a nesta sexta-feira em Caruaru"},"content":{"rendered":"<div class=\"separator\" style=\"clear: both; text-align: center;\">\n<a href=\"https:\/\/3.bp.blogspot.com\/-lPET8JQjVe4\/WqBOgI4adgI\/AAAAAAAArms\/xBqc4GSnkz8oHf9S13p74dCr0iy2h2kJACLcBGAs\/s1600\/s%25C3%25A3ojos%25C3%25A9.jpg\" imageanchor=\"1\" style=\"margin-left: 1em; margin-right: 1em;\"><img loading=\"lazy\" decoding=\"async\" border=\"0\" data-original-height=\"196\" data-original-width=\"300\" height=\"416\" src=\"http:\/\/blogdoedvaldomagalhaes.com.br\/wp-content\/uploads\/2018\/03\/sC3A3ojosC3A9.jpg\" width=\"640\" \/><\/a><\/div>\n<div style=\"background-color: white; box-sizing: border-box; line-height: 24px; margin-bottom: 10px; text-align: justify;\">\n<\/div>\n<div style=\"background-color: white; box-sizing: border-box; line-height: 24px; margin-bottom: 10px; text-align: justify;\">\nCome\u00e7a nesta sexta-feira (09), em Caruaru, Agreste pernambucano, a Festa de S\u00e3o Jos\u00e9. O evento religioso e cultural segue at\u00e9 o dia 18 de mar\u00e7o e acontece na matriz do padroeiro no bairro Petr\u00f3polis.<\/div>\n<div style=\"background-color: white; box-sizing: border-box; line-height: 24px; margin-bottom: 10px; text-align: justify;\">\nDurante a programa\u00e7\u00e3o ser\u00e3o celebradas missas, al\u00e9m de prociss\u00f5es, shows culturais e quermesse. O tema desse ano \u00e9: \u201cS\u00e3o Jos\u00e9, herdeiro do sonho de Deus, modelo dos crist\u00e3os leigos\u201d. Essa ser\u00e1 a primeira festa da par\u00f3quia sob a administra\u00e7\u00e3o do padre Alexsandro Jorge.<\/div>\n<div style=\"background-color: white; box-sizing: border-box; line-height: 24px; margin-bottom: 10px; text-align: justify;\">\nNo dia 19 de mar\u00e7o, dia oficial do padroeiro, ser\u00e1 realizada a Missa da Gra\u00e7a festiva, \u00e0s 12h, no Santu\u00e1rio Nossa Senhora das Gra\u00e7as. Durante as datas da festa ir\u00e3o se apresentar atra\u00e7\u00f5es como: Afinasamba, Elias Guinho e Banda e Larissa e Laura.<\/div>\n<div style=\"background-color: white; box-sizing: border-box; line-height: 24px; margin-bottom: 10px; text-align: justify;\">\n<b style=\"box-sizing: border-box;\">Programa\u00e7\u00e3o completa:<\/b><\/div>\n<div style=\"background-color: white; box-sizing: border-box; line-height: 24px; margin-bottom: 10px;\">\n<\/div>\n<div style=\"text-align: justify;\">\n<b style=\"box-sizing: border-box; font-family: Arial, Helvetica, sans-serif; font-size: x-large;\">Sexta \u2013 9 de mar\u00e7o<\/b><\/div>\n<p><\/p>\n<div style=\"text-align: justify;\">\n18h30: Reza da novena de S\u00e3o Jos\u00e9 na Avenida Jo\u00e3o Jos\u00e9 Carneiro, 558, bairro Petr\u00f3polis<\/div>\n<div style=\"text-align: justify;\">\n19h: Hasteamento das bandeiras no p\u00e1tio da matriz<\/div>\n<div style=\"text-align: justify;\">\n19h30: Concelebra\u00e7\u00e3o Eucar\u00edstica presidida pelo Pe. Jos\u00e9 Silvano (\u00c1rea Pastoral Santa Terezinha \u2013 Cidade Alta)<\/div>\n<div style=\"text-align: justify;\">\nAnima\u00e7\u00e3o: Coral Nossa Senhora Aparecida<\/div>\n<div style=\"text-align: justify;\">\n21h: Quermesse e show com Barth\u00f4 e Banda<\/div>\n<p><\/p>\n<div style=\"background-color: white; box-sizing: border-box; line-height: 24px; margin-bottom: 10px;\">\n<\/div>\n<div style=\"text-align: justify;\">\n<b style=\"box-sizing: border-box; font-family: Arial, Helvetica, sans-serif; font-size: x-large;\">S\u00e1bado \u2013 10 de mar\u00e7o<\/b><\/div>\n<p><\/p>\n<div style=\"text-align: justify;\">\n19h: Reza da novena de S\u00e3o Jos\u00e9<\/div>\n<div style=\"text-align: justify;\">\n19h30: Concelebra\u00e7\u00e3o Eucar\u00edstica presidida pelo Pe. Erandi Expedito (reitor do semin\u00e1rio Interdiocesano Nossa Senhora das Dores \u2013 Caruaru)<\/div>\n<div style=\"text-align: justify;\">\nAnima\u00e7\u00e3o: Minist\u00e9rio de M\u00fasica Miss\u00e3o e F\u00e9<\/div>\n<div style=\"text-align: justify;\">\nQuermesse e show com a Banda Forr\u00f3 Demais<\/div>\n<p><\/p>\n<div style=\"background-color: white; box-sizing: border-box; line-height: 24px; margin-bottom: 10px;\">\n<\/div>\n<div style=\"text-align: justify;\">\n<b style=\"box-sizing: border-box; font-family: Arial, Helvetica, sans-serif; font-size: x-large;\">Domingo \u2013 11 de mar\u00e7o<\/b><\/div>\n<p><\/p>\n<div style=\"text-align: justify;\">\n7h \u2013 Missa presidida pelo Pe. Alexsandro Jorge<\/div>\n<div style=\"text-align: justify;\">\nAnima\u00e7\u00e3o: Minist\u00e9rio de M\u00fasica Semeando o Amor<\/div>\n<div style=\"text-align: justify;\">\n19h \u2013 Reza da novena de S\u00e3o Jos\u00e9<\/div>\n<div style=\"text-align: justify;\">\n19h30 \u2013 Concelebra\u00e7\u00e3o Eucar\u00edstica presidida pelo Pe. Adriano Davi (Vice-reitor do Semin\u00e1rio Interdiocesano Nossa Senhora das Dores)<\/div>\n<div style=\"text-align: justify;\">\nAnima\u00e7\u00e3o: Minist\u00e9rio de M\u00fasica S\u00e3o Tarc\u00edsio<\/div>\n<div style=\"text-align: justify;\">\n21h \u2013 Quermesse e show com Elias Guinho e Banda<\/div>\n<p><\/p>\n<div style=\"background-color: white; box-sizing: border-box; line-height: 24px; margin-bottom: 10px;\">\n<\/div>\n<div style=\"text-align: justify;\">\n<b style=\"box-sizing: border-box; font-family: Arial, Helvetica, sans-serif; font-size: x-large;\">Segunda-feira \u2013 12 de mar\u00e7o<\/b><\/div>\n<p><\/p>\n<div style=\"text-align: justify;\">\n12h Missa da Gra\u00e7a presidida pelo Pe. Alexsandro Jorge<\/div>\n<div style=\"text-align: justify;\">\nAnima\u00e7\u00e3o: Minist\u00e9rio de M\u00fasica Gra\u00e7a Divina<\/div>\n<div style=\"text-align: justify;\">\n19h \u2013 Reza da novena de S\u00e3o Jos\u00e9<\/div>\n<div style=\"text-align: justify;\">\n19h30 \u2013 Concelebra\u00e7\u00e3o Eucar\u00edstica presidida por Monsenhor Geraldo (Capel\u00e3o de Bezerros)<\/div>\n<div style=\"text-align: justify;\">\nAnima\u00e7\u00e3o: Coral Vida Nova<\/div>\n<div style=\"text-align: justify;\">\n21h \u2013 Quermesse e show com L\u00edvia Melo<\/div>\n<p><\/p>\n<div style=\"background-color: white; box-sizing: border-box; line-height: 24px; margin-bottom: 10px;\">\n<\/div>\n<div style=\"text-align: justify;\">\n<b style=\"box-sizing: border-box; font-family: Arial, Helvetica, sans-serif; font-size: x-large;\">Ter\u00e7a-feira \u2013 13 de mar\u00e7o<\/b><\/div>\n<p><\/p>\n<div style=\"text-align: justify;\">\n19h \u2013 Reza da novena de S\u00e3o Jos\u00e9<\/div>\n<div style=\"text-align: justify;\">\n19h30 \u2013 Concelebra\u00e7\u00e3o Eucar\u00edstica presidida pelo Pe. Adenilton Mois\u00e9s (Par\u00f3quia Nossa Senhora das Gra\u00e7as \u2013 Gravat\u00e1)<\/div>\n<div style=\"text-align: justify;\">\nAnima\u00e7\u00e3o: Coral Monte Carmelo<\/div>\n<div style=\"text-align: justify;\">\n21h \u2013 Quermesse e show com a Banda da Pol\u00edcia Militar<\/div>\n<p><\/p>\n<div style=\"background-color: white; box-sizing: border-box; line-height: 24px; margin-bottom: 10px;\">\n<\/div>\n<div style=\"text-align: justify;\">\n<b style=\"box-sizing: border-box; font-family: Arial, Helvetica, sans-serif; font-size: x-large;\">Quarta-feira \u2013 14 de mar\u00e7o<\/b><\/div>\n<p><\/p>\n<div style=\"text-align: justify;\">\n19h \u2013 Reza da novena de S\u00e3o Jos\u00e9<\/div>\n<div style=\"text-align: justify;\">\n19h30 \u2013 Concelebra\u00e7\u00e3o Eucar\u00edstica presidida por Monsenhor Jos\u00e9 Roque (Par\u00f3quia S\u00e3o Francisco \u2013 Caruaru)<\/div>\n<div style=\"text-align: justify;\">\nAnima\u00e7\u00e3o: Minist\u00e9rio de M\u00fasica Gra\u00e7a Divina<\/div>\n<div style=\"text-align: justify;\">\n21h \u2013 Quermesse e show com a Banda Segnus<\/div>\n<p><\/p>\n<div style=\"background-color: white; box-sizing: border-box; line-height: 24px; margin-bottom: 10px;\">\n<\/div>\n<div style=\"text-align: justify;\">\n<b style=\"box-sizing: border-box; font-family: Arial, Helvetica, sans-serif; font-size: x-large;\">Quinta-feira \u2013 15 de mar\u00e7o<\/b><\/div>\n<p><\/p>\n<div style=\"text-align: justify;\">\n19h \u2013 Reza da novena de S\u00e3o Jos\u00e9<\/div>\n<div style=\"text-align: justify;\">\n19h30 \u2013 Concelebra\u00e7\u00e3o Eucar\u00edstica presidida pelo Pe. Adjaildo Soares (Par\u00f3quia Nossa Senhora do Carmo \u2013 Caruaru)<\/div>\n<div style=\"text-align: justify;\">\nAnima\u00e7\u00e3o: Coral Cora\u00e7\u00e3o Eucar\u00edstico<\/div>\n<div style=\"text-align: justify;\">\n21h \u2013 Quermesse e show com a Banda Os Bohemios<\/div>\n<p><\/p>\n<div style=\"background-color: white; box-sizing: border-box; line-height: 24px; margin-bottom: 10px;\">\n<\/div>\n<div style=\"text-align: justify;\">\n<b style=\"box-sizing: border-box; font-family: Arial, Helvetica, sans-serif; font-size: x-large;\">Sexta-feira \u2013 16 de mar\u00e7o<\/b><\/div>\n<p><\/p>\n<div style=\"text-align: justify;\">\n19h \u2013 Reza da novena de S\u00e3o Jos\u00e9<\/div>\n<div style=\"text-align: justify;\">\n19h30 \u2013 Concelebra\u00e7\u00e3o Eucar\u00edstica presidida pelo Pe. Ezequias Jo\u00e3o (Par\u00f3quia S\u00e3o Bento \u2013 Caruaru)<\/div>\n<div style=\"text-align: justify;\">\nAnima\u00e7\u00e3o: Coral GDAC<\/div>\n<div style=\"text-align: justify;\">\n21h \u2013 Quermesse e show com Edjailson da Caru Forr\u00f3<\/div>\n<p><\/p>\n<div style=\"background-color: white; box-sizing: border-box; line-height: 24px; margin-bottom: 10px;\">\n<\/div>\n<div style=\"text-align: justify;\">\n<b style=\"box-sizing: border-box; font-family: Arial, Helvetica, sans-serif; font-size: x-large;\">S\u00e1bado \u2013 17 de mar\u00e7o<\/b><\/div>\n<p><\/p>\n<div style=\"text-align: justify;\">\n18h \u2013 Carreata com a imagem do padroeiro saindo da pra\u00e7a do bairro Vassoural<\/div>\n<div style=\"text-align: justify;\">\n19h \u2013 Ben\u00e7\u00e3o dos carros na matriz de S\u00e3o Jos\u00e9<\/div>\n<div style=\"text-align: justify;\">\n19h30 \u2013 Concelebra\u00e7\u00e3o Eucar\u00edstica presidida por Dom Bernardino Marchi\u00f3 (bispo diocesano de Caruaru)<\/div>\n<div style=\"text-align: justify;\">\nAnima\u00e7\u00e3o: Minist\u00e9rio de M\u00fasica Ter\u00e7o dos Homens<\/div>\n<div style=\"text-align: justify;\">\nConvidados especiais: Imprensa de Caruaru<\/div>\n<div style=\"text-align: justify;\">\n21h \u2013 Quermesse e show com o grupo Afinasamba<\/div>\n<p><\/p>\n<div style=\"background-color: white; box-sizing: border-box; line-height: 24px; margin-bottom: 10px;\">\n<\/div>\n<div style=\"text-align: justify;\">\n<b style=\"box-sizing: border-box; font-family: Arial, Helvetica, sans-serif; font-size: x-large;\">Domingo \u2013 18 de mar\u00e7o<\/b><\/div>\n<p><\/p>\n<div style=\"text-align: justify;\">\n6h \u2013 Alvorada festiva, repique dos sinos e gir\u00e2ndola comunit\u00e1ria<\/div>\n<div style=\"text-align: justify;\">\n7h \u2013 Missa presidida pelo Pe. Alexsandro Jorge<\/div>\n<div style=\"text-align: justify;\">\nAnima\u00e7\u00e3o: Coral S\u00e3o Jos\u00e9<\/div>\n<div style=\"text-align: justify;\">\n18h \u2013 Prociss\u00e3o com a imagem do padroeiro<\/div>\n<div style=\"text-align: justify;\">\n19h30 \u2013 Concelebra\u00e7\u00e3o Eucar\u00edstica presidida pelo Pe. Zenilson Tiburcio (Catedral Nossa Senhora das Dores)<\/div>\n<div style=\"text-align: justify;\">\nAnima\u00e7\u00e3o: Coral S\u00e3o Jos\u00e9<\/div>\n<div style=\"text-align: justify;\">\n21h \u2013 Quermesse e show com Larissa e Laura<\/div>\n<p><\/p>\n<div style=\"background-color: white; box-sizing: border-box; line-height: 24px; margin-bottom: 10px;\">\n<\/div>\n<div style=\"text-align: justify;\">\n<b style=\"box-sizing: border-box; font-family: Arial, Helvetica, sans-serif; font-size: x-large;\">Segunda-feira \u2013 19 de mar\u00e7o (Dia de S\u00e3o Jos\u00e9)<\/b><\/div>\n<p><\/p>\n<div style=\"text-align: justify;\">\n12h \u2013 Missa da Gra\u00e7a com ben\u00e7\u00e3o para os agricultores e trabalhadores<\/div>\n","protected":false},"excerpt":{"rendered":"<p>Come\u00e7a nesta sexta-feira (09), em Caruaru, Agreste pernambucano, a Festa de S\u00e3o Jos\u00e9. O evento religioso e cultural segue at\u00e9&hellip;<\/p>\n","protected":false},"author":1,"featured_media":0,"comment_status":"open","ping_status":"open","sticky":false,"template":"","format":"standard","meta":{"footnotes":""},"categories":[1],"tags":[3420,1326,2,3421,3422,3423,6],"class_list":["post-3072","post","type-post","status-publish","format-standard","hentry","category-sem-categoria","tag-afinasamba","tag-bairro-petropolis","tag-blog-do-edvaldo-magalhaes","tag-elias-guinho","tag-festa-de-sao-jose-comeca-nesta-sexta-feira-em-caruaru","tag-larissa-e-laura","tag-noticias"],"_links":{"self":[{"href":"https:\/\/blogdoedvaldomagalhaes.com.br\/index.php\/wp-json\/wp\/v2\/posts\/3072","targetHints":{"allow":["GET"]}}],"collection":[{"href":"https:\/\/blogdoedvaldomagalhaes.com.br\/index.php\/wp-json\/wp\/v2\/posts"}],"about":[{"href":"https:\/\/blogdoedvaldomagalhaes.com.br\/index.php\/wp-json\/wp\/v2\/types\/post"}],"author":[{"embeddable":true,"href":"https:\/\/blogdoedvaldomagalhaes.com.br\/index.php\/wp-json\/wp\/v2\/users\/1"}],"replies":[{"embeddable":true,"href":"https:\/\/blogdoedvaldomagalhaes.com.br\/index.php\/wp-json\/wp\/v2\/comments?post=3072"}],"version-history":[{"count":1,"href":"https:\/\/blogdoedvaldomagalhaes.com.br\/index.php\/wp-json\/wp\/v2\/posts\/3072\/revisions"}],"predecessor-version":[{"id":28881,"href":"https:\/\/blogdoedvaldomagalhaes.com.br\/index.php\/wp-json\/wp\/v2\/posts\/3072\/revisions\/28881"}],"wp:attachment":[{"href":"https:\/\/blogdoedvaldomagalhaes.com.br\/index.php\/wp-json\/wp\/v2\/media?parent=3072"}],"wp:term":[{"taxonomy":"category","embeddable":true,"href":"https:\/\/blogdoedvaldomagalhaes.com.br\/index.php\/wp-json\/wp\/v2\/categories?post=3072"},{"taxonomy":"post_tag","embeddable":true,"href":"https:\/\/blogdoedvaldomagalhaes.com.br\/index.php\/wp-json\/wp\/v2\/tags?post=3072"}],"curies":[{"name":"wp","href":"https:\/\/api.w.org\/{rel}","templated":true}]}}