{"id":307,"date":"2018-12-30T18:51:00","date_gmt":"2018-12-30T20:51:00","guid":{"rendered":"http:\/\/blogdoedvaldomagalhaes.com.br\/index.php\/2018\/12\/30\/destra-apresenta-balanco-2018-com-acoes\/"},"modified":"2019-02-09T02:48:19","modified_gmt":"2019-02-09T04:48:19","slug":"destra-apresenta-balanco-2018-com-acoes","status":"publish","type":"post","link":"https:\/\/blogdoedvaldomagalhaes.com.br\/index.php\/2018\/12\/30\/destra-apresenta-balanco-2018-com-acoes\/","title":{"rendered":"Destra apresenta balan\u00e7o 2018 com a\u00e7\u00f5es em v\u00e1rias \u00e1reas de atua\u00e7\u00e3o"},"content":{"rendered":"<div class=\"separator\" style=\"clear: both; text-align: center;\">\n<a href=\"https:\/\/4.bp.blogspot.com\/-j_BwaykHu7o\/XCkTe4gjkhI\/AAAAAAABAcc\/pODma62K8YAfRPiQSyQSXQ9y5VCPKjwOgCLcBGAs\/s1600\/destra.jpg\" imageanchor=\"1\" style=\"margin-left: 1em; margin-right: 1em;\"><img loading=\"lazy\" decoding=\"async\" border=\"0\" data-original-height=\"1067\" data-original-width=\"1600\" height=\"426\" src=\"http:\/\/blogdoedvaldomagalhaes.com.br\/wp-content\/uploads\/2018\/12\/destra.jpg\" width=\"640\" \/><\/a><\/div>\n<div style=\"text-align: justify;\">\n<\/div>\n<div style=\"text-align: justify;\">\nA Autarquia de Tr\u00e2nsito e Transportes de Caruaru (Destra) realizou, em 2018, v\u00e1rias a\u00e7\u00f5es em diversos pontos da nossa cidade. Atrav\u00e9s do n\u00famero 118, foram atendidas mais de mil ocorr\u00eancias. As equipes de Tr\u00e2nsito realizaram 206 interven\u00e7\u00f5es em Caruaru, manuten\u00e7\u00e3o em 89 sem\u00e1foros e fiscaliza\u00e7\u00f5es nos 56 pontos de mototaxistas em toda a cidade. A Ger\u00eancia de Educa\u00e7\u00e3o de Tr\u00e2nsito da Destra realizou 123 a\u00e7\u00f5es, abordando cerca de 50 mil pessoas, entre as principais a\u00e7\u00f5es: Campanha de Volta \u00e0s aulas; Destra na Rota das Escolas \u2013 Palestra: \u00e1lcool e outras drogas \u2013 riscos no tr\u00e2nsito; Maio Amarelo \u2013 N\u00f3s Somos o Tr\u00e2nsito; S\u00e3o Jo\u00e3o com Educa\u00e7\u00e3o no Tr\u00e2nsito; a\u00e7\u00f5es de conscientiza\u00e7\u00e3o sobre o transporte escolar regulamentado; a\u00e7\u00e3o nas faixas de pedestres \u2013 Tema: O respeito pede passagem; e Semana Nacional de Tr\u00e2nsito.<\/div>\n<div style=\"text-align: justify;\">\n<\/div>\n<div style=\"text-align: justify;\">\nA Guarda Municipal prestou atendimento em mais de 210 ocorr\u00eancias e tamb\u00e9m realizou atividades de apoio a secret\u00e1rias municipais, eventos p\u00fablicos e privados de interesse coletivo, institui\u00e7\u00f5es de seguran\u00e7a p\u00fablica e of\u00edcios em geral. Al\u00e9m disso, a GM prestou apoio ao DETRAN nas Opera\u00e7\u00f5es Lei Seca, com efetivo atuando na \u00e1rea de seguran\u00e7a preventiva e como agente da autoridade de tr\u00e2nsito, fazendo cumprir o C\u00f3digo de Tr\u00e2nsito Brasileiro; Opera\u00e7\u00e3o S\u00e3o Jo\u00e3o com apoio de todo efetivo ordin\u00e1rio e extraordin\u00e1rio, realizando rondas preventivas, bloqueios e atua\u00e7\u00f5es de tr\u00e2nsito, garantindo a seguran\u00e7a e mobilidade dos usu\u00e1rios e turistas frequentadores dos diversos polos da cidade, periferia e zona rural. Neste ano, a Guarda Municipal tamb\u00e9m iniciou o trabalho de Patrulha Escolar, na qual a a\u00e7\u00e3o tem foco na preven\u00e7\u00e3o da viol\u00eancia e promo\u00e7\u00e3o de cidadania.<\/div>\n<div style=\"text-align: justify;\">\n<\/div>\n<div style=\"text-align: justify;\">\nA Defesa Civil de Caruaru atendeu, em 2018, mais de 930 ocorr\u00eancias. Alguns trabalhos como inc\u00eandios em im\u00f3veis urbanos, avalia\u00e7\u00e3o estrutural e de riscos p\u00f3s-inc\u00eandio oferecendo suporte log\u00edstico e operacional ao Grupamento de Bombeiros. Servi\u00e7os como apoio \u00e0 retirada de \u00e1rvores junto \u00e0 Diretoria de Meio Ambiente do Munic\u00edpio; acompanhamento das interdi\u00e7\u00f5es de vias e precau\u00e7\u00f5es de poss\u00edveis danos a terceiros; vistorias na zona urbana de Caruaru com mais de 300 ocorr\u00eancias atendidas nesse semestre, por chamado via central de opera\u00e7\u00f5es da DESTRA, a fim de identificar riscos nas estruturas de resid\u00eancias e empresas e danos provocados por obras irregulares; Opera\u00e7\u00e3o Pipa participando de reuni\u00f5es mensais, suporte \u00e0s equipes do Ex\u00e9rcito em visitas \u00e0s comunidades, cadastramento de cisternas, fiscaliza\u00e7\u00f5es de adequa\u00e7\u00f5es das cisternas e vistorias motivadas por den\u00fancias dos usu\u00e1rios.<\/div>\n<div style=\"text-align: justify;\">\n<\/div>\n<div style=\"text-align: justify;\">\n\u201cA Destra \u00e9 uma institui\u00e7\u00e3o que, pelas atividades previstas em lei, \u00e9 muito din\u00e2mica na presta\u00e7\u00e3o de servi\u00e7o para a popula\u00e7\u00e3o de Caruaru. Acredito que a nossa equipe n\u00e3o vai medir esfor\u00e7os para realizar mais a\u00e7\u00f5es em 2019 e trazer, para Caruaru, ainda mais seguran\u00e7a e mobilidade\u201d, finalizou o diretor presidente da Destra, coronel Gilmar Ara\u00fajo.<\/div>\n<div style=\"text-align: justify;\">\n<\/div>\n<div style=\"text-align: justify;\">\nInforma\u00e7\u00f5es: Fl\u00e1via Ferreira\/Assessoria de Imprensa.<\/div>\n<div style=\"text-align: justify;\">\n<\/div>\n<div style=\"text-align: justify;\">\n<\/div>\n<div style=\"text-align: justify;\">\n<\/div>\n<div style=\"text-align: justify;\">\n<\/div>\n","protected":false},"excerpt":{"rendered":"<p>A Autarquia de Tr\u00e2nsito e Transportes de Caruaru (Destra) realizou, em 2018, v\u00e1rias a\u00e7\u00f5es em diversos pontos da nossa cidade.&hellip;<\/p>\n","protected":false},"author":1,"featured_media":0,"comment_status":"open","ping_status":"open","sticky":false,"template":"","format":"standard","meta":{"footnotes":""},"categories":[1],"tags":[2,301,6],"class_list":["post-307","post","type-post","status-publish","format-standard","hentry","category-sem-categoria","tag-blog-do-edvaldo-magalhaes","tag-destra-apresenta-balanco-2018-com-acoes-em-varias-areas-de-atuacao","tag-noticias"],"_links":{"self":[{"href":"https:\/\/blogdoedvaldomagalhaes.com.br\/index.php\/wp-json\/wp\/v2\/posts\/307","targetHints":{"allow":["GET"]}}],"collection":[{"href":"https:\/\/blogdoedvaldomagalhaes.com.br\/index.php\/wp-json\/wp\/v2\/posts"}],"about":[{"href":"https:\/\/blogdoedvaldomagalhaes.com.br\/index.php\/wp-json\/wp\/v2\/types\/post"}],"author":[{"embeddable":true,"href":"https:\/\/blogdoedvaldomagalhaes.com.br\/index.php\/wp-json\/wp\/v2\/users\/1"}],"replies":[{"embeddable":true,"href":"https:\/\/blogdoedvaldomagalhaes.com.br\/index.php\/wp-json\/wp\/v2\/comments?post=307"}],"version-history":[{"count":1,"href":"https:\/\/blogdoedvaldomagalhaes.com.br\/index.php\/wp-json\/wp\/v2\/posts\/307\/revisions"}],"predecessor-version":[{"id":37224,"href":"https:\/\/blogdoedvaldomagalhaes.com.br\/index.php\/wp-json\/wp\/v2\/posts\/307\/revisions\/37224"}],"wp:attachment":[{"href":"https:\/\/blogdoedvaldomagalhaes.com.br\/index.php\/wp-json\/wp\/v2\/media?parent=307"}],"wp:term":[{"taxonomy":"category","embeddable":true,"href":"https:\/\/blogdoedvaldomagalhaes.com.br\/index.php\/wp-json\/wp\/v2\/categories?post=307"},{"taxonomy":"post_tag","embeddable":true,"href":"https:\/\/blogdoedvaldomagalhaes.com.br\/index.php\/wp-json\/wp\/v2\/tags?post=307"}],"curies":[{"name":"wp","href":"https:\/\/api.w.org\/{rel}","templated":true}]}}