{"id":3058,"date":"2018-03-09T00:29:00","date_gmt":"2018-03-09T03:29:00","guid":{"rendered":"http:\/\/blogdoedvaldomagalhaes.com.br\/index.php\/2018\/03\/09\/vereadores-criticam-hra-estradas-da\/"},"modified":"2019-02-09T02:05:04","modified_gmt":"2019-02-09T04:05:04","slug":"vereadores-criticam-hra-estradas-da","status":"publish","type":"post","link":"https:\/\/blogdoedvaldomagalhaes.com.br\/index.php\/2018\/03\/09\/vereadores-criticam-hra-estradas-da\/","title":{"rendered":"Vereadores criticam HRA, estradas da zona rural e ca\u00e7ambas de metralhas espalhadas pela cidade"},"content":{"rendered":"<p><\/p>\n<div class=\"separator\" style=\"clear: both; text-align: center;\">\n<a href=\"https:\/\/3.bp.blogspot.com\/-Rct7wjbMpJ8\/WqHPUK-MCzI\/AAAAAAAArwI\/F9hM7gzRgDg6pU8ASXanDzEUuzCSryJNwCLcBGAs\/s1600\/eu.jpg\" imageanchor=\"1\" style=\"margin-left: 1em; margin-right: 1em;\"><img loading=\"lazy\" decoding=\"async\" border=\"0\" data-original-height=\"900\" data-original-width=\"1600\" height=\"360\" src=\"http:\/\/blogdoedvaldomagalhaes.com.br\/wp-content\/uploads\/2018\/03\/eu-1.jpg\" width=\"640\" \/><\/a><\/div>\n<div class=\"MsoNormal\" style=\"text-align: justify;\">\n<\/div>\n<div class=\"MsoNormal\" style=\"text-align: justify;\">\nA reuni\u00e3o ordin\u00e1ria dessa<br \/>\nquinta-feira foi marcada por grandes acontecimentos e homenagens. Proposta pelo<br \/>\nvereador e Presidente da Casa, Lula T\u00f4rres (PDT), foi promulgada no dia da<br \/>\nMulher, a cria\u00e7\u00e3o da Comiss\u00e3o Especial da Mulher na C\u00e2mara de Vereadores. Ainda<br \/>\ndurante a reuni\u00e3o, o Poder Legislativo recebeu a Secret\u00e1ria de Pol\u00edticas para<br \/>\nMulheres, Perp\u00e9tua Dantas, que debateu assuntos relacionados ao Dia<br \/>\nInternacional da Mulher, al\u00e9m de destacar a import\u00e2ncia da mesma na sociedade<br \/>\nbrasileira, o papel de protagonista e os avan\u00e7os conquistados ao decorrer dos<br \/>\nanos.<\/div>\n<div class=\"MsoNormal\" style=\"text-align: justify;\">\n<\/div>\n<div class=\"MsoNormal\" style=\"text-align: justify;\">\nO presidente Lula T\u00f4rres<br \/>\nparabenizou as mulheres pelo seu dia e ressaltou a import\u00e2ncia da comiss\u00e3o<br \/>\ncriada nessa tarde. \u201cHoje n\u00f3s tivemos a importante palestra da Secret\u00e1ria<br \/>\nPerp\u00e9tua Dantas, e ficamos muito felizes porque essa secretaria tem feito um<br \/>\ntrabalho muito bom e tem buscado sempre ajudar a mulher em busca de seus<br \/>\ndireitos. A cria\u00e7\u00e3o da Comiss\u00e3o Especial da Mulher tamb\u00e9m \u00e9 algo muito<br \/>\nimportante, pois estamos prontos para ajudarmos na luta di\u00e1ria que as mulheres<br \/>\nvivenciam\u201d, destacou Lula T\u00f4rres.<\/div>\n<div class=\"MsoNormal\" style=\"text-align: justify;\">\n<\/div>\n<div class=\"MsoNormal\" style=\"text-align: justify;\">\nAp\u00f3s a presen\u00e7a da<br \/>\nSecret\u00e1ria, a reuni\u00e3o ordin\u00e1ria seguiu normalmente, onde foram analisados e<br \/>\nvotados os projetos de ordem do dia. Durante a reuni\u00e3o, alguns vereadores<br \/>\nusaram a tribuna para explanar suas opini\u00f5es.<\/div>\n<div class=\"MsoNormal\" style=\"text-align: justify;\">\n<\/div>\n<div class=\"MsoNormal\" style=\"text-align: justify;\">\nO vereador Leonardo Chaves<br \/>\n(PDT), falou sobre a situa\u00e7\u00e3o de descaso no Hospital Regional do Agreste, em<br \/>\nrela\u00e7\u00e3o aos atendimentos e estrutura da \u00e1rea. O mesmo solicitou uma<br \/>\nfiscaliza\u00e7\u00e3o no local.<\/div>\n<div class=\"MsoNormal\" style=\"text-align: justify;\">\n<\/div>\n<div class=\"MsoNormal\" style=\"text-align: justify;\">\nO vereador Heleno Oscar<br \/>\n(PEN), foi a tribuna para parabenizar todas as mulheres e tamb\u00e9m para falar sobre<br \/>\na situa\u00e7\u00e3o de dif\u00edcil acesso das estradas da zona rural, onde o mesmo requereu<br \/>\na pavimenta\u00e7\u00e3o destes locais.<\/div>\n<div class=\"MsoNormal\" style=\"text-align: justify;\">\n<\/div>\n<div class=\"MsoNormal\" style=\"text-align: justify;\">\nO vereador Tafarel (PRP),<br \/>\nagradeceu ao Poder Executivo por ter atendido seu requerimento, referente as<br \/>\nobras de tubula\u00e7\u00e3o de algumas ruas do bairro S\u00e3o Jo\u00e3o da Esc\u00f3cia.<\/div>\n<div class=\"MsoNormal\" style=\"text-align: justify;\">\n<\/div>\n<div class=\"MsoNormal\" style=\"text-align: justify;\">\nO vereador Daniel Finizola<br \/>\n(PT), usou a tribuna para agradecimento e uma breve homenagem em rela\u00e7\u00e3o ao Dia<br \/>\nda Mulher.<\/div>\n<div class=\"MsoNormal\" style=\"text-align: justify;\">\n<\/div>\n<div class=\"MsoNormal\" style=\"text-align: justify;\">\nO vereador S\u00e9rgio Siqueira<br \/>\n(Avante) falou sobre a situa\u00e7\u00e3o das ca\u00e7ambas e papa-metralhas que ficam<br \/>\nespalhadas pela cidade. S\u00e9rgio Siqueira destacou os acidentes que acontecem,<br \/>\ndevido \u00e0 falta de sinaliza\u00e7\u00e3o das mesmas e pede que as autoridades competentes<br \/>\nfiscalizem este material.<\/div>\n<div class=\"MsoNormal\" style=\"text-align: justify;\">\n<\/div>\n<div class=\"MsoNormal\" style=\"text-align: justify;\">\nO vereador Bruno Lambreta<br \/>\n(PDT), foi a tribuna para parabenizar todas as mulheres e para falar tamb\u00e9m<br \/>\nsobre a cria\u00e7\u00e3o da Comiss\u00e3o Especial da Mulher. O vereador ressaltou ainda a<br \/>\ninaugura\u00e7\u00e3o das duas unidades de sa\u00fade no residencial Luiz Bezerra Torres.<\/div>\n<div class=\"MsoNormal\" style=\"text-align: justify;\">\n<\/div>\n<div class=\"MsoNormal\" style=\"text-align: justify;\">\n<\/div>\n<div class=\"MsoNormal\" style=\"text-align: justify;\">\nSetor de Comunica\u00e7\u00e3o do<br \/>\nPoder Legislativo de Caruaru &#8211; SECOM<\/div>\n<p><\/p>\n","protected":false},"excerpt":{"rendered":"<p>A reuni\u00e3o ordin\u00e1ria dessa quinta-feira foi marcada por grandes acontecimentos e homenagens. Proposta pelo vereador e Presidente da Casa, Lula&hellip;<\/p>\n","protected":false},"author":1,"featured_media":0,"comment_status":"open","ping_status":"open","sticky":false,"template":"","format":"standard","meta":{"footnotes":""},"categories":[1],"tags":[2,3400,20,3401],"class_list":["post-3058","post","type-post","status-publish","format-standard","hentry","category-sem-categoria","tag-blog-do-edvaldo-magalhaes","tag-estradas-da-zona-rural-e-cacambas-de-metralhas-espalhadas-pela-cidade","tag-politica","tag-vereadores-criticam-hra"],"_links":{"self":[{"href":"https:\/\/blogdoedvaldomagalhaes.com.br\/index.php\/wp-json\/wp\/v2\/posts\/3058","targetHints":{"allow":["GET"]}}],"collection":[{"href":"https:\/\/blogdoedvaldomagalhaes.com.br\/index.php\/wp-json\/wp\/v2\/posts"}],"about":[{"href":"https:\/\/blogdoedvaldomagalhaes.com.br\/index.php\/wp-json\/wp\/v2\/types\/post"}],"author":[{"embeddable":true,"href":"https:\/\/blogdoedvaldomagalhaes.com.br\/index.php\/wp-json\/wp\/v2\/users\/1"}],"replies":[{"embeddable":true,"href":"https:\/\/blogdoedvaldomagalhaes.com.br\/index.php\/wp-json\/wp\/v2\/comments?post=3058"}],"version-history":[{"count":1,"href":"https:\/\/blogdoedvaldomagalhaes.com.br\/index.php\/wp-json\/wp\/v2\/posts\/3058\/revisions"}],"predecessor-version":[{"id":28913,"href":"https:\/\/blogdoedvaldomagalhaes.com.br\/index.php\/wp-json\/wp\/v2\/posts\/3058\/revisions\/28913"}],"wp:attachment":[{"href":"https:\/\/blogdoedvaldomagalhaes.com.br\/index.php\/wp-json\/wp\/v2\/media?parent=3058"}],"wp:term":[{"taxonomy":"category","embeddable":true,"href":"https:\/\/blogdoedvaldomagalhaes.com.br\/index.php\/wp-json\/wp\/v2\/categories?post=3058"},{"taxonomy":"post_tag","embeddable":true,"href":"https:\/\/blogdoedvaldomagalhaes.com.br\/index.php\/wp-json\/wp\/v2\/tags?post=3058"}],"curies":[{"name":"wp","href":"https:\/\/api.w.org\/{rel}","templated":true}]}}