{"id":3057,"date":"2018-03-09T01:31:00","date_gmt":"2018-03-09T04:31:00","guid":{"rendered":"http:\/\/blogdoedvaldomagalhaes.com.br\/index.php\/2018\/03\/09\/penitenciaria-de-caruaru-entrega-nesta\/"},"modified":"2019-02-09T02:05:06","modified_gmt":"2019-02-09T04:05:06","slug":"penitenciaria-de-caruaru-entrega-nesta","status":"publish","type":"post","link":"https:\/\/blogdoedvaldomagalhaes.com.br\/index.php\/2018\/03\/09\/penitenciaria-de-caruaru-entrega-nesta\/","title":{"rendered":"Penitenci\u00e1ria de Caruaru entrega nesta sexta-feira biblioteca a reeducandos"},"content":{"rendered":"<div class=\"separator\" style=\"clear: both; text-align: center;\">\n<a href=\"https:\/\/1.bp.blogspot.com\/-3LXK0d6oiPY\/WqHj4NuJnWI\/AAAAAAAArwY\/vygi5Qop0eYARjjDvSUSN3tMVDAtuDVbwCLcBGAs\/s1600\/pn.jpg\" imageanchor=\"1\" style=\"margin-left: 1em; margin-right: 1em;\"><img loading=\"lazy\" decoding=\"async\" border=\"0\" data-original-height=\"270\" data-original-width=\"399\" height=\"430\" src=\"http:\/\/blogdoedvaldomagalhaes.com.br\/wp-content\/uploads\/2018\/03\/pn.jpg\" width=\"640\" \/><\/a><\/div>\n<div class=\"separator\" style=\"clear: both; text-align: center;\">\nFoto: Izaias Rodrigues\/R\u00e1dio Liberdade<\/div>\n<div class=\"separator\" style=\"clear: both; text-align: center;\">\n<\/div>\n<div style=\"background-color: white; box-sizing: border-box; line-height: 24px; margin-bottom: 10px; text-align: justify;\">\nA Secretaria de Justi\u00e7a e Direitos Humanos, atrav\u00e9s da Secretaria Executiva de Ressocializa\u00e7\u00e3o (Seres), entrega nesta sexta-feira (09), \u00e0s 9h, a nova biblioteca da Penitenci\u00e1ria Juiz Pl\u00e1cido de Souza, em Caruaru, Agreste pernambucano. O secret\u00e1rio-executivo de Ressocializa\u00e7\u00e3o, C\u00edcero Rodrigues, participar\u00e1 da entrega.<\/div>\n<div style=\"background-color: white; box-sizing: border-box; line-height: 24px; margin-bottom: 10px; text-align: justify;\">\nO espa\u00e7o de 24 metros quadrados, climatizado, constru\u00eddo com m\u00e3o de obra carcer\u00e1ria, contou com o apoio da Asces-Unita, e envolveu o trabalho de seis reeducandos. Estar\u00e3o dispon\u00edveis aos interessados em entrar no mundo da leitura 487 t\u00edtulos, doados pelo Conselho Nacional de Justi\u00e7a.<\/div>\n<div style=\"background-color: white; box-sizing: border-box; line-height: 24px; margin-bottom: 10px; text-align: justify;\">\nToda a organiza\u00e7\u00e3o da biblioteca (tombamento, cataloga\u00e7\u00e3o) foi realizada pela Asces-Unita que destinou um funcion\u00e1rio da institui\u00e7\u00e3o para o desenvolvimento da atividade. J\u00e1 o atendimento di\u00e1rio do setor contar\u00e1 com o trabalho de dois reeducandos.<\/div>\n<p><\/p>\n","protected":false},"excerpt":{"rendered":"<p>Foto: Izaias Rodrigues\/R\u00e1dio Liberdade A Secretaria de Justi\u00e7a e Direitos Humanos, atrav\u00e9s da Secretaria Executiva de Ressocializa\u00e7\u00e3o (Seres), entrega nesta&hellip;<\/p>\n","protected":false},"author":1,"featured_media":0,"comment_status":"open","ping_status":"open","sticky":false,"template":"","format":"standard","meta":{"footnotes":""},"categories":[1],"tags":[2,3399,13],"class_list":["post-3057","post","type-post","status-publish","format-standard","hentry","category-sem-categoria","tag-blog-do-edvaldo-magalhaes","tag-penitenciaria-de-caruaru-entrega-nesta-sexta-feira-biblioteca-a-reeducandos","tag-policial"],"_links":{"self":[{"href":"https:\/\/blogdoedvaldomagalhaes.com.br\/index.php\/wp-json\/wp\/v2\/posts\/3057","targetHints":{"allow":["GET"]}}],"collection":[{"href":"https:\/\/blogdoedvaldomagalhaes.com.br\/index.php\/wp-json\/wp\/v2\/posts"}],"about":[{"href":"https:\/\/blogdoedvaldomagalhaes.com.br\/index.php\/wp-json\/wp\/v2\/types\/post"}],"author":[{"embeddable":true,"href":"https:\/\/blogdoedvaldomagalhaes.com.br\/index.php\/wp-json\/wp\/v2\/users\/1"}],"replies":[{"embeddable":true,"href":"https:\/\/blogdoedvaldomagalhaes.com.br\/index.php\/wp-json\/wp\/v2\/comments?post=3057"}],"version-history":[{"count":1,"href":"https:\/\/blogdoedvaldomagalhaes.com.br\/index.php\/wp-json\/wp\/v2\/posts\/3057\/revisions"}],"predecessor-version":[{"id":28915,"href":"https:\/\/blogdoedvaldomagalhaes.com.br\/index.php\/wp-json\/wp\/v2\/posts\/3057\/revisions\/28915"}],"wp:attachment":[{"href":"https:\/\/blogdoedvaldomagalhaes.com.br\/index.php\/wp-json\/wp\/v2\/media?parent=3057"}],"wp:term":[{"taxonomy":"category","embeddable":true,"href":"https:\/\/blogdoedvaldomagalhaes.com.br\/index.php\/wp-json\/wp\/v2\/categories?post=3057"},{"taxonomy":"post_tag","embeddable":true,"href":"https:\/\/blogdoedvaldomagalhaes.com.br\/index.php\/wp-json\/wp\/v2\/tags?post=3057"}],"curies":[{"name":"wp","href":"https:\/\/api.w.org\/{rel}","templated":true}]}}