{"id":3032,"date":"2018-03-11T17:46:00","date_gmt":"2018-03-11T20:46:00","guid":{"rendered":"http:\/\/blogdoedvaldomagalhaes.com.br\/index.php\/2018\/03\/11\/morre-no-hra-homem-baleado-dentro-de\/"},"modified":"2019-02-09T02:05:19","modified_gmt":"2019-02-09T04:05:19","slug":"morre-no-hra-homem-baleado-dentro-de","status":"publish","type":"post","link":"https:\/\/blogdoedvaldomagalhaes.com.br\/index.php\/2018\/03\/11\/morre-no-hra-homem-baleado-dentro-de\/","title":{"rendered":"Morre no HRA homem baleado dentro de bar em Caruaru"},"content":{"rendered":"<div class=\"separator\" style=\"clear: both; text-align: center;\">\n<a href=\"https:\/\/1.bp.blogspot.com\/-9E-OQ6AOiXU\/WqVrDQR3CAI\/AAAAAAAAr7w\/sWcUgjhoJaETC6RVnMlIa7Kh1keakPgeQCLcBGAs\/s1600\/miorreu.jpg\" imageanchor=\"1\" style=\"margin-left: 1em; margin-right: 1em;\"><img loading=\"lazy\" decoding=\"async\" border=\"0\" data-original-height=\"410\" data-original-width=\"696\" height=\"376\" src=\"http:\/\/blogdoedvaldomagalhaes.com.br\/wp-content\/uploads\/2018\/03\/miorreu.jpg\" width=\"640\" \/><\/a><\/div>\n<div class=\"separator\" style=\"clear: both; text-align: center;\">\nFotos: WhatsApp\/Cortesia<\/div>\n<div class=\"separator\" style=\"clear: both; text-align: center;\">\n<\/div>\n<div style=\"background-color: white; box-sizing: border-box; line-height: 26px; margin-bottom: 26px; text-align: justify; word-wrap: break-word;\">\nMorreu neste domingo (11), no Hospital Regional do Agreste (HRA),&nbsp;<strong style=\"box-sizing: border-box;\">Amauri Cleverson da Silva<\/strong>, de 27 anos, que foi atingido por dez disparos de arma de fogo, sendo oito no abd\u00f4men e dois na face. Ele j\u00e1 teve passagem pela pol\u00edcia, na cidade de Belo Jardim, acusado de roubo, mas foi absolvido.<\/div>\n<div style=\"background-color: white; box-sizing: border-box; line-height: 26px; margin-bottom: 26px; text-align: justify; word-wrap: break-word;\">\nSegundo familiares, a v\u00edtima estava com alguns parentes, em um bar, na rua Herm\u00ednio Ribeiro, no bairro Santa Rosa, quando chegou um ve\u00edculo de cor cinza anunciou um assalto e em seguida efetuou os disparos. Na a\u00e7\u00e3o criminosa nada foi subtra\u00eddo da v\u00edtima.<\/p>\n<p><\/p>\n<div class=\"separator\" style=\"clear: both; text-align: center;\">\n<a href=\"https:\/\/4.bp.blogspot.com\/-m7phAU-weR8\/WqVu54vw8SI\/AAAAAAAAr8M\/YaOgEMi0d68rU95tpvR12zxhZ_CmDhAggCLcBGAs\/s1600\/crime.jpg\" imageanchor=\"1\" style=\"margin-left: 1em; margin-right: 1em;\"><img loading=\"lazy\" decoding=\"async\" border=\"0\" data-original-height=\"576\" data-original-width=\"719\" height=\"512\" src=\"http:\/\/blogdoedvaldomagalhaes.com.br\/wp-content\/uploads\/2018\/03\/crime.jpg\" width=\"640\" \/><\/a><\/div>\n<\/div>\n<div class=\"td-g-rec td-g-rec-id-content_inlineleft \" style=\"background-color: white; box-sizing: border-box; float: left;\">\n<\/div>\n<div style=\"background-color: white; box-sizing: border-box; line-height: 26px; margin-bottom: 26px; text-align: justify; word-wrap: break-word;\">\nDe imediato os pr\u00f3prios parentes, fizeram o socorro de Amauri at\u00e9 o Hospital Regional do Agreste, onde foi atendido pela equipe m\u00e9dica de unidade.<\/div>\n<div style=\"background-color: white; box-sizing: border-box; line-height: 26px; margin-bottom: 26px; text-align: justify; word-wrap: break-word;\">\nAt\u00e9 a publica\u00e7\u00e3o desta mat\u00e9ria nenhum suspeito foi preso ou identificado como autor do crime.<\/div>\n<div style=\"background-color: white; box-sizing: border-box; line-height: 26px; margin-bottom: 26px; text-align: justify; word-wrap: break-word;\">\nEste foi o 7\u00ba homic\u00eddio no m\u00eas de mar\u00e7o, e o 36\u00ba no ano em Caruaru.<\/div>\n","protected":false},"excerpt":{"rendered":"<p>Fotos: WhatsApp\/Cortesia Morreu neste domingo (11), no Hospital Regional do Agreste (HRA),&nbsp;Amauri Cleverson da Silva, de 27 anos, que foi&hellip;<\/p>\n","protected":false},"author":1,"featured_media":0,"comment_status":"open","ping_status":"open","sticky":false,"template":"","format":"standard","meta":{"footnotes":""},"categories":[1],"tags":[2,3366,13],"class_list":["post-3032","post","type-post","status-publish","format-standard","hentry","category-sem-categoria","tag-blog-do-edvaldo-magalhaes","tag-morre-no-hra-homem-baleado-dentro-de-bar-em-caruaru","tag-policial"],"_links":{"self":[{"href":"https:\/\/blogdoedvaldomagalhaes.com.br\/index.php\/wp-json\/wp\/v2\/posts\/3032","targetHints":{"allow":["GET"]}}],"collection":[{"href":"https:\/\/blogdoedvaldomagalhaes.com.br\/index.php\/wp-json\/wp\/v2\/posts"}],"about":[{"href":"https:\/\/blogdoedvaldomagalhaes.com.br\/index.php\/wp-json\/wp\/v2\/types\/post"}],"author":[{"embeddable":true,"href":"https:\/\/blogdoedvaldomagalhaes.com.br\/index.php\/wp-json\/wp\/v2\/users\/1"}],"replies":[{"embeddable":true,"href":"https:\/\/blogdoedvaldomagalhaes.com.br\/index.php\/wp-json\/wp\/v2\/comments?post=3032"}],"version-history":[{"count":1,"href":"https:\/\/blogdoedvaldomagalhaes.com.br\/index.php\/wp-json\/wp\/v2\/posts\/3032\/revisions"}],"predecessor-version":[{"id":28981,"href":"https:\/\/blogdoedvaldomagalhaes.com.br\/index.php\/wp-json\/wp\/v2\/posts\/3032\/revisions\/28981"}],"wp:attachment":[{"href":"https:\/\/blogdoedvaldomagalhaes.com.br\/index.php\/wp-json\/wp\/v2\/media?parent=3032"}],"wp:term":[{"taxonomy":"category","embeddable":true,"href":"https:\/\/blogdoedvaldomagalhaes.com.br\/index.php\/wp-json\/wp\/v2\/categories?post=3032"},{"taxonomy":"post_tag","embeddable":true,"href":"https:\/\/blogdoedvaldomagalhaes.com.br\/index.php\/wp-json\/wp\/v2\/tags?post=3032"}],"curies":[{"name":"wp","href":"https:\/\/api.w.org\/{rel}","templated":true}]}}