{"id":303,"date":"2018-12-31T15:15:00","date_gmt":"2018-12-31T17:15:00","guid":{"rendered":"http:\/\/blogdoedvaldomagalhaes.com.br\/index.php\/2018\/12\/31\/calendario-de-abastecimento-de-caruaru\/"},"modified":"2019-02-09T02:48:20","modified_gmt":"2019-02-09T04:48:20","slug":"calendario-de-abastecimento-de-caruaru","status":"publish","type":"post","link":"https:\/\/blogdoedvaldomagalhaes.com.br\/index.php\/2018\/12\/31\/calendario-de-abastecimento-de-caruaru\/","title":{"rendered":"Calend\u00e1rio de abastecimento de Caruaru em janeiro"},"content":{"rendered":"<div class=\"separator\" style=\"clear: both; text-align: center;\">\n<a href=\"https:\/\/2.bp.blogspot.com\/-kSqp1qaG1_Y\/XCow8z-5CHI\/AAAAAAABAh0\/qz-pfMBgilIoG_2G5faTAc-Btk-qJ5r0ACLcBGAs\/s1600\/images.jpeg\" imageanchor=\"1\" style=\"margin-left: 1em; margin-right: 1em;\"><img loading=\"lazy\" decoding=\"async\" border=\"0\" data-original-height=\"316\" data-original-width=\"677\" height=\"298\" src=\"http:\/\/blogdoedvaldomagalhaes.com.br\/wp-content\/uploads\/2018\/12\/images-7.jpeg\" width=\"640\" \/><\/a><\/div>\n<p>\nNos dias 3, 4, 5, 6, 7, 18, 19, 20, 21 e 22:&nbsp; Cidade Jardim, Salgado (parte baixa), Rendeiras (Cohab III &#8211; parte alta), Loteamento Para\u00edso, S\u00e3o Jo\u00e3o da Esc\u00f3cia (parte baixa), Centen\u00e1rio, Divin\u00f3polis, Maur\u00edcio de Nassau, Universit\u00e1rio, S\u00e3o Francisco, Parte do Vassoural pr\u00f3ximo ao pres\u00eddio, Santa Rosa (parte alta), Vila Serena, Campo Novo do Sul, Vila Campo Novo de Baixo e de Cima, Cidade Alta, Parte do Petr\u00f3polis, Sest\/Senat, Vila Agamenon.<\/p>\n<p>Nos dias 8, 9, 10, 11, 12, 23, 24, 25, 26 e 27: Salgado (parte alta), S\u00e3o Jo\u00e3o da Esc\u00f3cia (parte alta), Monte Carmelo, Lagoa do Algod\u00e3o e Quintas da Colina, Rendeiras (parte baixa), Morada Nova, Serran\u00f3polis, Gon\u00e7alves Ferreira, Inocoop, Cedro, Jardim dos Pinheiros, Monte Sinai, Vila Fernando Lira, Luiz Gonzaga, Jardim dos Coqueiros, Jardim dos Alecrins, Jardim dos Ip\u00eas, Portal do Sol, Nossa Senhora das Dores, Centro, Vassoural, Santa Rosa (parte baixa), Indian\u00f3polis, Riach\u00e3o, Alto da Balan\u00e7a, Petr\u00f3polis, Parque 18 de maio, Jardim Liberdade, Residencial Alto do Moura, Vista Alegre e Encanto da Serra.<\/p>\n<p>Nos dias 1\u00ba, 2, 13, 14, 15, 16, 17, 28, 29, 30 e 31:&nbsp; Maria Auxiliadora (parte baixa), Hosana, Vila do Aeroporto, Jos\u00e9 Carlos de Oliveira (parte baixa), Vila Padre In\u00e1cio, Vila Diocesano, Jo\u00e3o Barreto, Jo\u00e3o Mota, Vila Kennedy, Kennedy, Sol Poente, Caiuc\u00e1, Portal do Agreste, Posto Agamenon, S\u00edtio Campos, Vila Cip\u00f3, Lagoa de Pedra, Mestre Vitalino, Alto do Moura, Residencial Luiz Bezerra Torres 1 e 2, Alto das Sete Luas, Tcheguevara, Polo Caruaru, UFPE, Alphaville, Hospital Mestre Vitalino, Pesque da Cidade, Maria Auxiliadora (parte alta), Boa vista 1 e 2, Tr\u00eas Bandeiras, Nova Caruaru, Jardim Panorama, Vila Andorinha, Caru\u00e1, Bara\u00fanas, Mandacaru, Novo Mundo, Dem\u00f3stenes Veras, Jos\u00e9 Carlos de Oliveira (parte alta), Ramiro de Souza, Jardim Boa Vista, Severino Afonso, Residencial Vit\u00f3ria, Parque Real, Residencial Ipojuca, Residencial Xique Xique, Santos Dumont, Jo\u00e3o Batista, Pinheir\u00f3polis, Adalgisa Nunes 3 e 4, Residencial Wirton Lira, Loteamento S\u00e3o Jos\u00e9, Jos\u00e9 Liberato, Indian\u00f3polis (parte alta), Rosan\u00f3polis, Vassoural (parte baixa), UPA.<\/p>\n<p>Nordeste&gt;Pernambuco_(Caruaru)<\/p>\n<p>Nos dias 1\u00ba, 2, 9, 10, 17, 18, 25 e 26:&nbsp; Rua B\u00e9lgica, Rua Su\u00ed\u00e7a, Rua Fortaleza e Rua Paran\u00e1.<br \/>\n<br \/>\nNos dias 5, 6, 13, 14, 24, 22, 29 e 30:&nbsp; Rua da S\u00e9.&nbsp;<\/p>\n<p>Nos dias 7, 8, 15, 16, 23, 24 e 31:&nbsp; Av. S\u00e3o Jos\u00e9 e Rua Professor Ferr\u00facio.<\/p>\n<p>Nos dias 1\u00ba, 2, 9, 10, 18, 19, 25 e 26:&nbsp; Travessa da S\u00e9.&nbsp;<\/p>\n<p>Nos dias 1\u00ba, 2, 3, 4, 14, 15, 16, 17, 18, 28, 29, 30 e 31:&nbsp; Vila Nossa Senhora das Gra\u00e7as 1, C\u00edcero das Carro\u00e7as, Mestre Vitalino 2 \/ Parte alta do Alto do Moura.<\/p>\n<p>Nos dias 7, 8, 9, 10, 11, 21 ,22, 23, 24 e 25:&nbsp; Parte Baixa do Alto do Moura, Rua do Cemit\u00e9rio, Vila Nossa Senhora das Gra\u00e7as 2.<\/p>\n<p>Fins de Semana<\/p>\n<p>Por tr\u00e1s dos bares: Rua Ant\u00f4nio Vitalino, Rua da Elevat\u00f3ria (Rua Alto S\u00e3o Jos\u00e9).&nbsp;<\/p>\n<p>Nos dias 13, 14 e 15:&nbsp; Contendas Lado A (sem terras), Rafael Lado B.<\/p>\n<p>Nos dias 16, 17, 18, 19, 20, 21 e 22:&nbsp; Contendas Lado B, Rafael Lado A.<\/p>\n<p>Nos dias 1\u00ba, 2, 3, 4, 5, 6, 7, 28, 29, 30 e 31:&nbsp; Cachoeira Seca, Lajes, Jacar\u00e9 Grande, Viada Morta, Lagoa Ro\u00e7ada<\/p>\n<p>Malhada de Barreira Queimadas, Olho D\u2019\u00c1gua F\u00e9lix, Ju\u00e1, Riacho Doce.<\/p>\n<p>Nos dias 1\u00ba, 2, 3, 4, 5, 6, 14, 15, 16, 17, 18, 19, 20, 28, 29, 30 e 31:&nbsp; Taquara de S\u00e3o Pedro, Peladas.<\/p>\n<p>7, 8, 9, 10, 11, 21, 22, 23, 24 e 25<\/p>\n<p>Vila Murici, S\u00edtio Murici, Ara\u00e7\u00e1, Lagoa do Paulista, Mata Negra, S\u00edtio Estivas.<\/p>\n<p>Nos dias 5, 6, 19 e 20:&nbsp; Alecrim.<\/p>\n","protected":false},"excerpt":{"rendered":"<p>Nos dias 3, 4, 5, 6, 7, 18, 19, 20, 21 e 22:&nbsp; Cidade Jardim, Salgado (parte baixa), Rendeiras (Cohab&hellip;<\/p>\n","protected":false},"author":1,"featured_media":0,"comment_status":"open","ping_status":"open","sticky":false,"template":"","format":"standard","meta":{"footnotes":""},"categories":[1],"tags":[2,6],"class_list":["post-303","post","type-post","status-publish","format-standard","hentry","category-sem-categoria","tag-blog-do-edvaldo-magalhaes","tag-noticias"],"_links":{"self":[{"href":"https:\/\/blogdoedvaldomagalhaes.com.br\/index.php\/wp-json\/wp\/v2\/posts\/303","targetHints":{"allow":["GET"]}}],"collection":[{"href":"https:\/\/blogdoedvaldomagalhaes.com.br\/index.php\/wp-json\/wp\/v2\/posts"}],"about":[{"href":"https:\/\/blogdoedvaldomagalhaes.com.br\/index.php\/wp-json\/wp\/v2\/types\/post"}],"author":[{"embeddable":true,"href":"https:\/\/blogdoedvaldomagalhaes.com.br\/index.php\/wp-json\/wp\/v2\/users\/1"}],"replies":[{"embeddable":true,"href":"https:\/\/blogdoedvaldomagalhaes.com.br\/index.php\/wp-json\/wp\/v2\/comments?post=303"}],"version-history":[{"count":1,"href":"https:\/\/blogdoedvaldomagalhaes.com.br\/index.php\/wp-json\/wp\/v2\/posts\/303\/revisions"}],"predecessor-version":[{"id":37236,"href":"https:\/\/blogdoedvaldomagalhaes.com.br\/index.php\/wp-json\/wp\/v2\/posts\/303\/revisions\/37236"}],"wp:attachment":[{"href":"https:\/\/blogdoedvaldomagalhaes.com.br\/index.php\/wp-json\/wp\/v2\/media?parent=303"}],"wp:term":[{"taxonomy":"category","embeddable":true,"href":"https:\/\/blogdoedvaldomagalhaes.com.br\/index.php\/wp-json\/wp\/v2\/categories?post=303"},{"taxonomy":"post_tag","embeddable":true,"href":"https:\/\/blogdoedvaldomagalhaes.com.br\/index.php\/wp-json\/wp\/v2\/tags?post=303"}],"curies":[{"name":"wp","href":"https:\/\/api.w.org\/{rel}","templated":true}]}}