{"id":3014,"date":"2018-03-13T23:20:00","date_gmt":"2018-03-14T02:20:00","guid":{"rendered":"http:\/\/blogdoedvaldomagalhaes.com.br\/index.php\/2018\/03\/13\/policia-prende-em-panelas-grupo\/"},"modified":"2019-02-09T02:05:40","modified_gmt":"2019-02-09T04:05:40","slug":"policia-prende-em-panelas-grupo","status":"publish","type":"post","link":"https:\/\/blogdoedvaldomagalhaes.com.br\/index.php\/2018\/03\/13\/policia-prende-em-panelas-grupo\/","title":{"rendered":"Pol\u00edcia prende em Panelas grupo suspeito de praticar assaltos entre Alagoas e Pernambuco"},"content":{"rendered":"<div class=\"separator\" style=\"clear: both; text-align: center;\">\n<a href=\"https:\/\/1.bp.blogspot.com\/-r6dRc4bM7CU\/WqhctNtklxI\/AAAAAAAAsDk\/zUxabWcZmTAGUXrF3RyD-GhhxGVcfOnqwCLcBGAs\/s1600\/prf.jpg\" imageanchor=\"1\" style=\"margin-left: 1em; margin-right: 1em;\"><img loading=\"lazy\" decoding=\"async\" border=\"0\" data-original-height=\"480\" data-original-width=\"640\" height=\"480\" src=\"http:\/\/blogdoedvaldomagalhaes.com.br\/wp-content\/uploads\/2018\/03\/prf-1.jpg\" width=\"640\" \/><\/a><\/div>\n<div class=\"separator\" style=\"clear: both; text-align: center;\">\nFoto: PRF\/Divulga\u00e7\u00e3o<\/div>\n<div style=\"background-color: white; box-sizing: border-box; line-height: 24px; margin-bottom: 10px; text-align: justify;\">\n<\/div>\n<div style=\"background-color: white; box-sizing: border-box; line-height: 24px; margin-bottom: 10px; text-align: justify;\">\nUm grupo suspeito de praticar assaltos na divisa entre Alagoas e Pernambuco foi preso nesta ter\u00e7a-feira (13), em Panelas, no Agreste pernambucano. Quatro homens, com idades entre 20 e 36 anos, foram presos em uma a\u00e7\u00e3o integrada das pol\u00edcias Rodovi\u00e1ria Federal, Civil e Militar.<\/div>\n<div style=\"background-color: white; box-sizing: border-box; line-height: 24px; margin-bottom: 10px; text-align: justify;\">\nA opera\u00e7\u00e3o cumpriu mandados de busca e apreens\u00e3o expedidos pela Comarca Criminal de S\u00e3o Jos\u00e9 da Laje, em Alagoas, e tinha como foco uma quadrilha suspeita de praticar assaltos na BR-104, que faz divisa com os dois estados.<\/div>\n<div style=\"background-color: white; box-sizing: border-box; line-height: 24px; margin-bottom: 10px; text-align: justify;\">\nDurante a a\u00e7\u00e3o, os policiais encontraram, nas casas dos suspeitos, tr\u00eas motocicletas adulteradas e tr\u00eas com registro de roubo, um carro roubado e uma pistola com muni\u00e7\u00f5es de diversos calibres.<\/div>\n<div style=\"background-color: white; box-sizing: border-box; line-height: 24px; margin-bottom: 10px; text-align: justify;\">\nO grupo foi encaminhado junto com o material apreendido para a Delegacia de Pol\u00edcia Civil de Caruaru.<\/div>\n<div style=\"background-color: white; box-sizing: border-box; font-family: Lato, sans-serif; font-size: 13px; line-height: 24px; margin-bottom: 10px;\">\n<\/div>\n","protected":false},"excerpt":{"rendered":"<p>Foto: PRF\/Divulga\u00e7\u00e3o Um grupo suspeito de praticar assaltos na divisa entre Alagoas e Pernambuco foi preso nesta ter\u00e7a-feira (13), em&hellip;<\/p>\n","protected":false},"author":1,"featured_media":0,"comment_status":"open","ping_status":"open","sticky":false,"template":"","format":"standard","meta":{"footnotes":""},"categories":[1],"tags":[2,3347,13],"class_list":["post-3014","post","type-post","status-publish","format-standard","hentry","category-sem-categoria","tag-blog-do-edvaldo-magalhaes","tag-policia-prende-em-panelas-grupo-suspeito-de-praticar-assaltos-entre-alagoas-e-pernambuco","tag-policial"],"_links":{"self":[{"href":"https:\/\/blogdoedvaldomagalhaes.com.br\/index.php\/wp-json\/wp\/v2\/posts\/3014","targetHints":{"allow":["GET"]}}],"collection":[{"href":"https:\/\/blogdoedvaldomagalhaes.com.br\/index.php\/wp-json\/wp\/v2\/posts"}],"about":[{"href":"https:\/\/blogdoedvaldomagalhaes.com.br\/index.php\/wp-json\/wp\/v2\/types\/post"}],"author":[{"embeddable":true,"href":"https:\/\/blogdoedvaldomagalhaes.com.br\/index.php\/wp-json\/wp\/v2\/users\/1"}],"replies":[{"embeddable":true,"href":"https:\/\/blogdoedvaldomagalhaes.com.br\/index.php\/wp-json\/wp\/v2\/comments?post=3014"}],"version-history":[{"count":1,"href":"https:\/\/blogdoedvaldomagalhaes.com.br\/index.php\/wp-json\/wp\/v2\/posts\/3014\/revisions"}],"predecessor-version":[{"id":29030,"href":"https:\/\/blogdoedvaldomagalhaes.com.br\/index.php\/wp-json\/wp\/v2\/posts\/3014\/revisions\/29030"}],"wp:attachment":[{"href":"https:\/\/blogdoedvaldomagalhaes.com.br\/index.php\/wp-json\/wp\/v2\/media?parent=3014"}],"wp:term":[{"taxonomy":"category","embeddable":true,"href":"https:\/\/blogdoedvaldomagalhaes.com.br\/index.php\/wp-json\/wp\/v2\/categories?post=3014"},{"taxonomy":"post_tag","embeddable":true,"href":"https:\/\/blogdoedvaldomagalhaes.com.br\/index.php\/wp-json\/wp\/v2\/tags?post=3014"}],"curies":[{"name":"wp","href":"https:\/\/api.w.org\/{rel}","templated":true}]}}