{"id":3013,"date":"2018-03-13T23:25:00","date_gmt":"2018-03-14T02:25:00","guid":{"rendered":"http:\/\/blogdoedvaldomagalhaes.com.br\/index.php\/2018\/03\/13\/motorista-de-caminhao-e-detido-com-cn\/"},"modified":"2019-02-09T02:05:40","modified_gmt":"2019-02-09T04:05:40","slug":"motorista-de-caminhao-e-detido-com-cn","status":"publish","type":"post","link":"https:\/\/blogdoedvaldomagalhaes.com.br\/index.php\/2018\/03\/13\/motorista-de-caminhao-e-detido-com-cn\/","title":{"rendered":"Motorista de caminh\u00e3o \u00e9 detido com CNH falsificada em S\u00e3o Caetano"},"content":{"rendered":"<div class=\"separator\" style=\"clear: both; text-align: center;\">\n<a href=\"https:\/\/2.bp.blogspot.com\/-Kb4l3rN-ydg\/Wqhd1VhhXpI\/AAAAAAAAsDs\/YX4jRxIjzbYBRtIOrLMUzshk8VxyQ8QFACLcBGAs\/s1600\/poliia.jpg\" imageanchor=\"1\" style=\"margin-left: 1em; margin-right: 1em;\"><img loading=\"lazy\" decoding=\"async\" border=\"0\" data-original-height=\"576\" data-original-width=\"1024\" height=\"180\" src=\"http:\/\/blogdoedvaldomagalhaes.com.br\/wp-content\/uploads\/2018\/03\/poliia.jpg\" width=\"320\" \/><\/a><\/div>\n<div class=\"separator\" style=\"clear: both; text-align: center;\">\nFoto: PRF\/Divulga\u00e7\u00e3o<\/div>\n<div class=\"separator\" style=\"clear: both; text-align: center;\">\n<\/div>\n<div style=\"background-color: white; box-sizing: border-box; line-height: 24px; margin-bottom: 10px; text-align: justify;\">\nUm motorista de caminh\u00e3o, de 29 anos, foi detido pela Pol\u00edcia Rodovi\u00e1ria Federal (PRF) ao apresentar uma Carteira Nacional de Habilita\u00e7\u00e3o (CNH) com ind\u00edcios de falsifica\u00e7\u00e3o. A a\u00e7\u00e3o ocorreu em uma fiscaliza\u00e7\u00e3o na BR-232, em S\u00e3o Caetano, no Agreste de Pernambuco.<\/div>\n<div style=\"background-color: white; box-sizing: border-box; line-height: 24px; margin-bottom: 10px; text-align: justify;\">\nDurante uma abordagem no quil\u00f4metro 145 da rodovia, o motorista de um caminh\u00e3o que transportava latic\u00ednios apresentou o documento do ve\u00edculo e uma CNH. Ao verificar a documenta\u00e7\u00e3o, os policiais constataram que a numera\u00e7\u00e3o contida na habilita\u00e7\u00e3o havia sido inserida de forma fraudulenta, para tentar burlar a fiscaliza\u00e7\u00e3o.<\/div>\n<div style=\"background-color: white; box-sizing: border-box; line-height: 24px; margin-bottom: 10px; text-align: justify;\">\nO motorista admitiu ter pago 5 mil reais para adquirir o documento,&nbsp; sem realizar as aulas e testes obrigat\u00f3rios. Ele foi encaminhado \u00e0 Delegacia de Pol\u00edcia Federal em Caruaru, que ir\u00e1 investigar o caso.&nbsp; O crime de uso de documento falso prev\u00ea pena de reclus\u00e3o, de dois a seis anos, e multa.<\/div>\n","protected":false},"excerpt":{"rendered":"<p>Foto: PRF\/Divulga\u00e7\u00e3o Um motorista de caminh\u00e3o, de 29 anos, foi detido pela Pol\u00edcia Rodovi\u00e1ria Federal (PRF) ao apresentar uma Carteira&hellip;<\/p>\n","protected":false},"author":1,"featured_media":0,"comment_status":"open","ping_status":"open","sticky":false,"template":"","format":"standard","meta":{"footnotes":""},"categories":[1],"tags":[2,3346,13],"class_list":["post-3013","post","type-post","status-publish","format-standard","hentry","category-sem-categoria","tag-blog-do-edvaldo-magalhaes","tag-motorista-de-caminhao-e-detido-com-cnh-falsificada-em-sao-caetano","tag-policial"],"_links":{"self":[{"href":"https:\/\/blogdoedvaldomagalhaes.com.br\/index.php\/wp-json\/wp\/v2\/posts\/3013","targetHints":{"allow":["GET"]}}],"collection":[{"href":"https:\/\/blogdoedvaldomagalhaes.com.br\/index.php\/wp-json\/wp\/v2\/posts"}],"about":[{"href":"https:\/\/blogdoedvaldomagalhaes.com.br\/index.php\/wp-json\/wp\/v2\/types\/post"}],"author":[{"embeddable":true,"href":"https:\/\/blogdoedvaldomagalhaes.com.br\/index.php\/wp-json\/wp\/v2\/users\/1"}],"replies":[{"embeddable":true,"href":"https:\/\/blogdoedvaldomagalhaes.com.br\/index.php\/wp-json\/wp\/v2\/comments?post=3013"}],"version-history":[{"count":1,"href":"https:\/\/blogdoedvaldomagalhaes.com.br\/index.php\/wp-json\/wp\/v2\/posts\/3013\/revisions"}],"predecessor-version":[{"id":29032,"href":"https:\/\/blogdoedvaldomagalhaes.com.br\/index.php\/wp-json\/wp\/v2\/posts\/3013\/revisions\/29032"}],"wp:attachment":[{"href":"https:\/\/blogdoedvaldomagalhaes.com.br\/index.php\/wp-json\/wp\/v2\/media?parent=3013"}],"wp:term":[{"taxonomy":"category","embeddable":true,"href":"https:\/\/blogdoedvaldomagalhaes.com.br\/index.php\/wp-json\/wp\/v2\/categories?post=3013"},{"taxonomy":"post_tag","embeddable":true,"href":"https:\/\/blogdoedvaldomagalhaes.com.br\/index.php\/wp-json\/wp\/v2\/tags?post=3013"}],"curies":[{"name":"wp","href":"https:\/\/api.w.org\/{rel}","templated":true}]}}