{"id":30,"date":"2019-02-06T21:34:00","date_gmt":"2019-02-06T23:34:00","guid":{"rendered":"http:\/\/blogdoedvaldomagalhaes.com.br\/index.php\/2019\/02\/06\/funase-discute-metas-para-politica-de\/"},"modified":"2019-02-09T02:51:59","modified_gmt":"2019-02-09T04:51:59","slug":"funase-discute-metas-para-politica-de","status":"publish","type":"post","link":"https:\/\/blogdoedvaldomagalhaes.com.br\/index.php\/2019\/02\/06\/funase-discute-metas-para-politica-de\/","title":{"rendered":"Funase discute metas para pol\u00edtica de orienta\u00e7\u00e3o sobre drogas"},"content":{"rendered":"<div class=\"separator\" style=\"clear: both; text-align: center;\">\n<a href=\"https:\/\/1.bp.blogspot.com\/-mlLFBGC0tyA\/XFtS8V0scLI\/AAAAAAABCEg\/iFVcl2NMLQIRDVBA-SD2GhnIl_ox8egqgCLcBGAs\/s1600\/funase.jpg\" imageanchor=\"1\" style=\"margin-left: 1em; margin-right: 1em;\"><img loading=\"lazy\" decoding=\"async\" border=\"0\" data-original-height=\"504\" data-original-width=\"800\" height=\"402\" src=\"http:\/\/blogdoedvaldomagalhaes.com.br\/wp-content\/uploads\/2019\/02\/funase.jpg\" width=\"640\" \/><\/a><\/div>\n<div class=\"separator\" style=\"clear: both; text-align: center;\">\nFoto: Divulga\u00e7\u00e3o\/Funase<\/div>\n<div class=\"MsoNormal\" style=\"background-color: white; line-height: normal; margin: 0cm 0cm 0.0001pt; text-align: justify;\">\n<\/div>\n<div class=\"MsoNormal\" style=\"background-color: white; line-height: normal; margin: 0cm 0cm 0.0001pt; text-align: justify;\">\nA Funda\u00e7\u00e3o de Atendimento Socioeducativo (Funase) est\u00e1 fortalecendo as pol\u00edticas de orienta\u00e7\u00e3o e preven\u00e7\u00e3o \u00e0s drogas junto aos adolescentes e jovens em cumprimento de medidas socioeducativas. Nesta semana, 41<b>&nbsp;<\/b>profissionais ligados ao atendimento t\u00e9cnico nas unidades da institui\u00e7\u00e3o se reuniram para discutir a execu\u00e7\u00e3o das atividades do Grupo de Orienta\u00e7\u00e3o sobre Drogas (GOD) ao longo de 2019. Uma das metas \u00e9 fazer dessa, que j\u00e1 \u00e9 uma atividade pedag\u00f3gica consolidada na Funase, uma a\u00e7\u00e3o cada vez mais voltada \u00e0 \u00e1rea de sa\u00fade, tornando-a refer\u00eancia em atendimento e tamb\u00e9m em produ\u00e7\u00e3o de conhecimento cient\u00edfico.<\/div>\n<div class=\"MsoNormal\" style=\"background-color: white; line-height: normal; margin: 0cm 0cm 0.0001pt; text-align: justify;\">\n<\/div>\n<div class=\"MsoNormal\" style=\"background-color: white; line-height: normal; margin: 0cm 0cm 0.0001pt; text-align: justify;\">\nO encontro ocorreu no Centro de Forma\u00e7\u00e3o dos Servidores e Empregados P\u00fablicos do Estado de Pernambuco (Cefospe), no Recife. Estiveram presentes representantes de unidades da Funase na Regi\u00e3o Metropolitana e de munic\u00edpios do Interior, como Vit\u00f3ria de Santo Ant\u00e3o, Caruaru, Garanhuns e Arcoverde. Al\u00e9m de coordenadores t\u00e9cnicos e outros profissionais ligados \u00e0s equipes t\u00e9cnicas, agentes socioeducativos que integram as a\u00e7\u00f5es do GOD tamb\u00e9m participaram do evento. As atividades foram conduzidas pela coordenadora do Eixo Sa\u00fade da Funase, Mirtes Martins, que \u00e9 psic\u00f3loga e especialista em sa\u00fade mental.<\/div>\n<div class=\"MsoNormal\" style=\"background-color: white; line-height: normal; margin: 0cm 0cm 0.0001pt; text-align: justify;\">\n<\/div>\n<div class=\"MsoNormal\" style=\"background-color: white; line-height: normal; margin: 0cm 0cm 0.0001pt; text-align: justify;\">\nO GOD \u00e9 desenvolvido nas unidades da Funase por meio de uma s\u00e9rie de encontros, com dura\u00e7\u00e3o de tr\u00eas meses. Os adolescentes participam dialogando sobre preven\u00e7\u00e3o e promo\u00e7\u00e3o em sa\u00fade, drogas e temas transversais. A iniciativa tamb\u00e9m tem modalidades voltadas aos familiares deles e aos agentes socioeducativos.&nbsp;Muito desses profissionais se envolvem diretamente na ministra\u00e7\u00e3o das atividades, com acompanhamento de psic\u00f3logos, pedagogos ou assistentes sociais das equipes t\u00e9cnicas das unidades. O fortalecimento de a\u00e7\u00f5es ligadas a essa \u00e1rea faz parte de uma s\u00e9rie de esfor\u00e7os do Governo de Pernambuco, por meio da Secretaria de Desenvolvimento Social, Crian\u00e7a e Juventude (SDSCJ), para a melhoria constante do atendimento socioeducativo no Estado.<\/div>\n<div class=\"MsoNormal\" style=\"background-color: white; line-height: normal; margin: 0cm 0cm 0.0001pt; text-align: justify;\">\n<\/div>\n<div class=\"MsoNormal\" style=\"background-color: white; line-height: normal; margin: 0cm 0cm 0.0001pt; text-align: justify;\">\nA superintendente da Pol\u00edtica de Atendimento da Funase, \u00cdris Borges, ressalta que o GOD come\u00e7ou como uma a\u00e7\u00e3o do Centro de Atendimento Socioeducativo (Case) Abreu e Lima, institucionalizou-se e j\u00e1 \u00e9 uma atividade abrangente. \u201cO objetivo do encontro foi discutir pontos para o fortalecimento dessa pol\u00edtica dentro da Funase. Temos o desafio de dar visibilidade a esse trabalho, ampliando-o e atuando para que seja n\u00e3o s\u00f3 uma atividade pedag\u00f3gica, mas para que seja tratado como uma quest\u00e3o de sa\u00fade\u201d, afirma.<\/div>\n<div style=\"text-align: justify;\">\n<\/div>\n","protected":false},"excerpt":{"rendered":"<p>Foto: Divulga\u00e7\u00e3o\/Funase A Funda\u00e7\u00e3o de Atendimento Socioeducativo (Funase) est\u00e1 fortalecendo as pol\u00edticas de orienta\u00e7\u00e3o e preven\u00e7\u00e3o \u00e0s drogas junto aos&hellip;<\/p>\n","protected":false},"author":1,"featured_media":0,"comment_status":"open","ping_status":"open","sticky":false,"template":"","format":"standard","meta":{"footnotes":""},"categories":[1],"tags":[2,6],"class_list":["post-30","post","type-post","status-publish","format-standard","hentry","category-sem-categoria","tag-blog-do-edvaldo-magalhaes","tag-noticias"],"_links":{"self":[{"href":"https:\/\/blogdoedvaldomagalhaes.com.br\/index.php\/wp-json\/wp\/v2\/posts\/30","targetHints":{"allow":["GET"]}}],"collection":[{"href":"https:\/\/blogdoedvaldomagalhaes.com.br\/index.php\/wp-json\/wp\/v2\/posts"}],"about":[{"href":"https:\/\/blogdoedvaldomagalhaes.com.br\/index.php\/wp-json\/wp\/v2\/types\/post"}],"author":[{"embeddable":true,"href":"https:\/\/blogdoedvaldomagalhaes.com.br\/index.php\/wp-json\/wp\/v2\/users\/1"}],"replies":[{"embeddable":true,"href":"https:\/\/blogdoedvaldomagalhaes.com.br\/index.php\/wp-json\/wp\/v2\/comments?post=30"}],"version-history":[{"count":1,"href":"https:\/\/blogdoedvaldomagalhaes.com.br\/index.php\/wp-json\/wp\/v2\/posts\/30\/revisions"}],"predecessor-version":[{"id":37997,"href":"https:\/\/blogdoedvaldomagalhaes.com.br\/index.php\/wp-json\/wp\/v2\/posts\/30\/revisions\/37997"}],"wp:attachment":[{"href":"https:\/\/blogdoedvaldomagalhaes.com.br\/index.php\/wp-json\/wp\/v2\/media?parent=30"}],"wp:term":[{"taxonomy":"category","embeddable":true,"href":"https:\/\/blogdoedvaldomagalhaes.com.br\/index.php\/wp-json\/wp\/v2\/categories?post=30"},{"taxonomy":"post_tag","embeddable":true,"href":"https:\/\/blogdoedvaldomagalhaes.com.br\/index.php\/wp-json\/wp\/v2\/tags?post=30"}],"curies":[{"name":"wp","href":"https:\/\/api.w.org\/{rel}","templated":true}]}}