{"id":2997,"date":"2018-03-15T10:39:00","date_gmt":"2018-03-15T13:39:00","guid":{"rendered":"http:\/\/blogdoedvaldomagalhaes.com.br\/index.php\/2018\/03\/15\/preso-em-caruaru-homem-que-matou-esposa\/"},"modified":"2019-02-09T02:05:47","modified_gmt":"2019-02-09T04:05:47","slug":"preso-em-caruaru-homem-que-matou-esposa","status":"publish","type":"post","link":"https:\/\/blogdoedvaldomagalhaes.com.br\/index.php\/2018\/03\/15\/preso-em-caruaru-homem-que-matou-esposa\/","title":{"rendered":"Preso em Caruaru homem suspeito de matar a esposa a facadas no fim de semana"},"content":{"rendered":"<div class=\"separator\" style=\"clear: both; text-align: center;\">\n<a href=\"https:\/\/3.bp.blogspot.com\/-oluBHZv4WNU\/WqpNVs1gM4I\/AAAAAAAAsNA\/_SMaEQOMnAYTN0FSqGIaOE6w0T_7c-hbgCLcBGAs\/s1600\/sim.jpg\" imageanchor=\"1\" style=\"margin-left: 1em; margin-right: 1em;\"><img loading=\"lazy\" decoding=\"async\" border=\"0\" data-original-height=\"590\" data-original-width=\"540\" height=\"640\" src=\"http:\/\/blogdoedvaldomagalhaes.com.br\/wp-content\/uploads\/2018\/03\/sim.jpg\" width=\"584\" \/><\/a><\/div>\n<div style=\"background-color: white; box-sizing: border-box; line-height: 24px; margin-bottom: 10px; text-align: justify;\">\n<\/div>\n<div style=\"background-color: white; box-sizing: border-box; line-height: 24px; margin-bottom: 10px; text-align: justify;\">\nFoi preso no final da noite desta quarta-feira (14), em Caruaru, Aldemir Pedro da Silva, conhecido por \u201cDidi do Bode\u201d, 46 anos, suspeito de matar a esposa Maria Nazar\u00e9 da Silva, 31 anos, no domingo (11). Ela foi morta com tr\u00eas facadas na 3\u00aa Travessa Rodopiano Flor\u00eancio, bairro S\u00e3o Jo\u00e3o da Esc\u00f3cia. O crime teria sido motivado por ci\u00fames.<\/div>\n<div style=\"background-color: white; box-sizing: border-box; line-height: 24px; margin-bottom: 10px; text-align: justify;\">\nDidi do Bode j\u00e1 foi encaminhado para a Penitenci\u00e1ria Juiz Pl\u00e1cido de Souza. Ele estava na resid\u00eancia de familiares em Serra Velha, zona rural de Caruaru, e foi preso atrav\u00e9s de mandado de pris\u00e3o.<\/div>\n","protected":false},"excerpt":{"rendered":"<p>Foi preso no final da noite desta quarta-feira (14), em Caruaru, Aldemir Pedro da Silva, conhecido por \u201cDidi do Bode\u201d,&hellip;<\/p>\n","protected":false},"author":1,"featured_media":0,"comment_status":"open","ping_status":"open","sticky":false,"template":"","format":"standard","meta":{"footnotes":""},"categories":[1],"tags":[2,13,3323],"class_list":["post-2997","post","type-post","status-publish","format-standard","hentry","category-sem-categoria","tag-blog-do-edvaldo-magalhaes","tag-policial","tag-preso-em-caruaru-homem-que-matou-a-esposa-a-facadas-no-fim-de-semana"],"_links":{"self":[{"href":"https:\/\/blogdoedvaldomagalhaes.com.br\/index.php\/wp-json\/wp\/v2\/posts\/2997","targetHints":{"allow":["GET"]}}],"collection":[{"href":"https:\/\/blogdoedvaldomagalhaes.com.br\/index.php\/wp-json\/wp\/v2\/posts"}],"about":[{"href":"https:\/\/blogdoedvaldomagalhaes.com.br\/index.php\/wp-json\/wp\/v2\/types\/post"}],"author":[{"embeddable":true,"href":"https:\/\/blogdoedvaldomagalhaes.com.br\/index.php\/wp-json\/wp\/v2\/users\/1"}],"replies":[{"embeddable":true,"href":"https:\/\/blogdoedvaldomagalhaes.com.br\/index.php\/wp-json\/wp\/v2\/comments?post=2997"}],"version-history":[{"count":1,"href":"https:\/\/blogdoedvaldomagalhaes.com.br\/index.php\/wp-json\/wp\/v2\/posts\/2997\/revisions"}],"predecessor-version":[{"id":29073,"href":"https:\/\/blogdoedvaldomagalhaes.com.br\/index.php\/wp-json\/wp\/v2\/posts\/2997\/revisions\/29073"}],"wp:attachment":[{"href":"https:\/\/blogdoedvaldomagalhaes.com.br\/index.php\/wp-json\/wp\/v2\/media?parent=2997"}],"wp:term":[{"taxonomy":"category","embeddable":true,"href":"https:\/\/blogdoedvaldomagalhaes.com.br\/index.php\/wp-json\/wp\/v2\/categories?post=2997"},{"taxonomy":"post_tag","embeddable":true,"href":"https:\/\/blogdoedvaldomagalhaes.com.br\/index.php\/wp-json\/wp\/v2\/tags?post=2997"}],"curies":[{"name":"wp","href":"https:\/\/api.w.org\/{rel}","templated":true}]}}