{"id":2996,"date":"2018-03-15T10:42:00","date_gmt":"2018-03-15T13:42:00","guid":{"rendered":"http:\/\/blogdoedvaldomagalhaes.com.br\/index.php\/2018\/03\/15\/governo-paulo-camara-pede-liberacao-de\/"},"modified":"2019-02-09T02:05:49","modified_gmt":"2019-02-09T04:05:49","slug":"governo-paulo-camara-pede-liberacao-de","status":"publish","type":"post","link":"https:\/\/blogdoedvaldomagalhaes.com.br\/index.php\/2018\/03\/15\/governo-paulo-camara-pede-liberacao-de\/","title":{"rendered":"Governo Paulo C\u00e2mara pede a libera\u00e7\u00e3o de mais de 68 milh\u00f5es de reais para a Adutora do Agreste"},"content":{"rendered":"<div class=\"separator\" style=\"clear: both; text-align: center;\">\n<a href=\"https:\/\/2.bp.blogspot.com\/-rUeQtUxzaxc\/WqpODMWewDI\/AAAAAAAAsNM\/6XM-DVZPDBI6bqPKTootUf9vxcb1pVCdwCLcBGAs\/s1600\/paulo.jpg\" imageanchor=\"1\" style=\"margin-left: 1em; margin-right: 1em;\"><img loading=\"lazy\" decoding=\"async\" border=\"0\" data-original-height=\"576\" data-original-width=\"768\" height=\"480\" src=\"http:\/\/blogdoedvaldomagalhaes.com.br\/wp-content\/uploads\/2018\/03\/paulo.jpg\" width=\"640\" \/><\/a><\/div>\n<div style=\"background-color: white; box-sizing: border-box; line-height: 24px; margin-bottom: 10px; text-align: justify;\">\n<\/div>\n<div style=\"background-color: white; box-sizing: border-box; line-height: 24px; margin-bottom: 10px; text-align: justify;\">\nO presidente da Compesa, Roberto Tavares,&nbsp; apresentou nesta quarta-feira&nbsp; (14), em Bras\u00edlia, pleito do governador Paulo C\u00e2mara junto ao Minist\u00e9rio da Integra\u00e7\u00e3o Nacional&nbsp; para a&nbsp; libera\u00e7\u00e3o de 68 milh\u00f5es e 200 mil reais para a conclus\u00e3o da primeira etapa da Adutora do Agreste. Na reuni\u00e3o com o Secret\u00e1rio Nacional de Infraestrutura H\u00eddrica, Ant\u00f4nio de P\u00e1dua, e do diretor de Obras H\u00eddricas, do MI,&nbsp; Stanley Rodrigues, o presidente da Compesa fez um balan\u00e7o sobre ao andamento da adutora e mostrou que a obra est\u00e1 em ritmo acelerado.<\/div>\n<div style=\"background-color: white; box-sizing: border-box; line-height: 24px; margin-bottom: 10px; text-align: justify;\">\nDesde o in\u00edcio da obra da Adutora do Agreste, em 2013, at\u00e9 dezembro de 2017, o Governo Federal repassou&nbsp; 804 milh\u00f5es de reais do total conveniado, de 1 bilh\u00e3o 246 milh\u00f5es de reais. Com os \u00faltimos repasses, realizados em dezembro do ano passado, a Compesa garantiu o pagamento de&nbsp; faturas em atraso&nbsp; e ganhou f\u00f4lego para tocar 26 frentes de trabalho.<\/div>\n<div style=\"background-color: white; box-sizing: border-box; line-height: 24px; margin-bottom: 10px; text-align: justify;\">\nA antecipa\u00e7\u00e3o da primeira etapa \u00fatil da Adutora do Agreste ir\u00e1 atender 10 cidades, partindo de Arcoverde, no Sert\u00e3o, at\u00e9 S\u00e3o Caetano, no Agreste, beneficiando mais de 400 mil pessoas j\u00e1 nesse primeiro semestre de 2018.<\/div>\n","protected":false},"excerpt":{"rendered":"<p>O presidente da Compesa, Roberto Tavares,&nbsp; apresentou nesta quarta-feira&nbsp; (14), em Bras\u00edlia, pleito do governador Paulo C\u00e2mara junto ao Minist\u00e9rio&hellip;<\/p>\n","protected":false},"author":1,"featured_media":0,"comment_status":"open","ping_status":"open","sticky":false,"template":"","format":"standard","meta":{"footnotes":""},"categories":[1],"tags":[2,3322,20],"class_list":["post-2996","post","type-post","status-publish","format-standard","hentry","category-sem-categoria","tag-blog-do-edvaldo-magalhaes","tag-governo-paulo-camara-pede-a-liberacao-de-mais-de-68-milhoes-de-reais-para-a-adutora-do-agreste","tag-politica"],"_links":{"self":[{"href":"https:\/\/blogdoedvaldomagalhaes.com.br\/index.php\/wp-json\/wp\/v2\/posts\/2996","targetHints":{"allow":["GET"]}}],"collection":[{"href":"https:\/\/blogdoedvaldomagalhaes.com.br\/index.php\/wp-json\/wp\/v2\/posts"}],"about":[{"href":"https:\/\/blogdoedvaldomagalhaes.com.br\/index.php\/wp-json\/wp\/v2\/types\/post"}],"author":[{"embeddable":true,"href":"https:\/\/blogdoedvaldomagalhaes.com.br\/index.php\/wp-json\/wp\/v2\/users\/1"}],"replies":[{"embeddable":true,"href":"https:\/\/blogdoedvaldomagalhaes.com.br\/index.php\/wp-json\/wp\/v2\/comments?post=2996"}],"version-history":[{"count":1,"href":"https:\/\/blogdoedvaldomagalhaes.com.br\/index.php\/wp-json\/wp\/v2\/posts\/2996\/revisions"}],"predecessor-version":[{"id":29075,"href":"https:\/\/blogdoedvaldomagalhaes.com.br\/index.php\/wp-json\/wp\/v2\/posts\/2996\/revisions\/29075"}],"wp:attachment":[{"href":"https:\/\/blogdoedvaldomagalhaes.com.br\/index.php\/wp-json\/wp\/v2\/media?parent=2996"}],"wp:term":[{"taxonomy":"category","embeddable":true,"href":"https:\/\/blogdoedvaldomagalhaes.com.br\/index.php\/wp-json\/wp\/v2\/categories?post=2996"},{"taxonomy":"post_tag","embeddable":true,"href":"https:\/\/blogdoedvaldomagalhaes.com.br\/index.php\/wp-json\/wp\/v2\/tags?post=2996"}],"curies":[{"name":"wp","href":"https:\/\/api.w.org\/{rel}","templated":true}]}}