{"id":2993,"date":"2018-03-15T15:16:00","date_gmt":"2018-03-15T18:16:00","guid":{"rendered":"http:\/\/blogdoedvaldomagalhaes.com.br\/index.php\/2018\/03\/15\/homem-se-passa-por-passageiro-e-pratica\/"},"modified":"2019-02-09T02:05:49","modified_gmt":"2019-02-09T04:05:49","slug":"homem-se-passa-por-passageiro-e-pratica","status":"publish","type":"post","link":"https:\/\/blogdoedvaldomagalhaes.com.br\/index.php\/2018\/03\/15\/homem-se-passa-por-passageiro-e-pratica\/","title":{"rendered":"Homem se passa por passageiro e pratica assalto em \u00f4nibus em Caruaru"},"content":{"rendered":"<div class=\"separator\" style=\"clear: both; text-align: center;\">\n<a href=\"https:\/\/3.bp.blogspot.com\/-io81ijnkXEI\/WqqNl0dfJHI\/AAAAAAAAsOk\/RoM88XHXEiw7utk8Mf-w_rtBZ0fZJcrUQCLcBGAs\/s1600\/ele.jpg\" imageanchor=\"1\" style=\"margin-left: 1em; margin-right: 1em;\"><img loading=\"lazy\" decoding=\"async\" border=\"0\" data-original-height=\"270\" data-original-width=\"399\" height=\"432\" src=\"http:\/\/blogdoedvaldomagalhaes.com.br\/wp-content\/uploads\/2018\/03\/ele-5.jpg\" width=\"640\" \/><\/a><\/div>\n<div class=\"separator\" style=\"clear: both; text-align: center;\">\nImagem de c\u00e2mera de seguran\u00e7a do \u00f4nibus<\/div>\n<p><\/p>\n<div class=\"MsoNormal\" style=\"text-align: justify;\">\nUm<br \/>\n\u00f4nibus da Empresa Coletivos foi assaltado na noite desta quarta-feira (14), em<br \/>\nCaruaru. Um homem se passou por passageiro e cometeu o crime. O ve\u00edculo era da<br \/>\nlinha que atende Vila Kennedy. Nas imagens, o criminoso aparece abordando o<br \/>\nmotorista.<\/div>\n","protected":false},"excerpt":{"rendered":"<p>Imagem de c\u00e2mera de seguran\u00e7a do \u00f4nibus Um \u00f4nibus da Empresa Coletivos foi assaltado na noite desta quarta-feira (14), em&hellip;<\/p>\n","protected":false},"author":1,"featured_media":0,"comment_status":"open","ping_status":"open","sticky":false,"template":"","format":"standard","meta":{"footnotes":""},"categories":[1],"tags":[2,3318,13],"class_list":["post-2993","post","type-post","status-publish","format-standard","hentry","category-sem-categoria","tag-blog-do-edvaldo-magalhaes","tag-homem-se-passa-por-passageiro-e-pratica-assalto-em-onibus-em-caruaru","tag-policial"],"_links":{"self":[{"href":"https:\/\/blogdoedvaldomagalhaes.com.br\/index.php\/wp-json\/wp\/v2\/posts\/2993","targetHints":{"allow":["GET"]}}],"collection":[{"href":"https:\/\/blogdoedvaldomagalhaes.com.br\/index.php\/wp-json\/wp\/v2\/posts"}],"about":[{"href":"https:\/\/blogdoedvaldomagalhaes.com.br\/index.php\/wp-json\/wp\/v2\/types\/post"}],"author":[{"embeddable":true,"href":"https:\/\/blogdoedvaldomagalhaes.com.br\/index.php\/wp-json\/wp\/v2\/users\/1"}],"replies":[{"embeddable":true,"href":"https:\/\/blogdoedvaldomagalhaes.com.br\/index.php\/wp-json\/wp\/v2\/comments?post=2993"}],"version-history":[{"count":1,"href":"https:\/\/blogdoedvaldomagalhaes.com.br\/index.php\/wp-json\/wp\/v2\/posts\/2993\/revisions"}],"predecessor-version":[{"id":29081,"href":"https:\/\/blogdoedvaldomagalhaes.com.br\/index.php\/wp-json\/wp\/v2\/posts\/2993\/revisions\/29081"}],"wp:attachment":[{"href":"https:\/\/blogdoedvaldomagalhaes.com.br\/index.php\/wp-json\/wp\/v2\/media?parent=2993"}],"wp:term":[{"taxonomy":"category","embeddable":true,"href":"https:\/\/blogdoedvaldomagalhaes.com.br\/index.php\/wp-json\/wp\/v2\/categories?post=2993"},{"taxonomy":"post_tag","embeddable":true,"href":"https:\/\/blogdoedvaldomagalhaes.com.br\/index.php\/wp-json\/wp\/v2\/tags?post=2993"}],"curies":[{"name":"wp","href":"https:\/\/api.w.org\/{rel}","templated":true}]}}