{"id":2975,"date":"2018-03-17T13:39:00","date_gmt":"2018-03-17T16:39:00","guid":{"rendered":"http:\/\/blogdoedvaldomagalhaes.com.br\/index.php\/2018\/03\/17\/adolescente-assassinado-proximo-de\/"},"modified":"2019-02-09T02:05:59","modified_gmt":"2019-02-09T04:05:59","slug":"adolescente-assassinado-proximo-de","status":"publish","type":"post","link":"https:\/\/blogdoedvaldomagalhaes.com.br\/index.php\/2018\/03\/17\/adolescente-assassinado-proximo-de\/","title":{"rendered":"Adolescente assassinado pr\u00f3ximo de residencial em Caruaru"},"content":{"rendered":"<div class=\"separator\" style=\"clear: both; text-align: center;\">\n<a href=\"http:\/\/blogdoedvaldomagalhaes.com.br\/wp-content\/uploads\/2018\/03\/iml-1.jpg\" imageanchor=\"1\" style=\"margin-left: 1em; margin-right: 1em;\"><img decoding=\"async\" border=\"0\" data-original-height=\"284\" data-original-width=\"300\" src=\"http:\/\/blogdoedvaldomagalhaes.com.br\/wp-content\/uploads\/2018\/03\/iml-1.jpg\" \/><\/a><\/div>\n<div class=\"separator\" style=\"clear: both; text-align: center;\">\nFoto: Reprodu\u00e7\u00e3o\/WhatsApp<\/div>\n<div class=\"separator\" style=\"clear: both; text-align: center;\">\n<\/div>\n<div style=\"background-color: white; box-sizing: border-box; line-height: 24px; margin-bottom: 10px; text-align: justify;\">\nO corpo de Diego Jos\u00e9 da Silva Carneiro, de 17 anos foi encontrado na manh\u00e3 deste s\u00e1bado (17), na estrada ao lado do Residencial Luiz Bezerra Torres, em Caruaru, Agreste pernambucano.&nbsp; A v\u00edtima foi morta a tiros, e segundo familiares estava desaparecida desde ontem a noite. De acordo com o pai, a v\u00edtima era usu\u00e1ria de drogas.<\/p>\n<p><\/p>\n<div class=\"separator\" style=\"clear: both; text-align: center;\">\n<a href=\"https:\/\/4.bp.blogspot.com\/-foDTpxMop00\/Wq0ogqIbsCI\/AAAAAAAAsXY\/KYEkxkoT2YAo1xAM_dbUt50zpctW4pT1QCLcBGAs\/s1600\/IMG-20180317-WA0042.jpg\" imageanchor=\"1\" style=\"margin-left: 1em; margin-right: 1em;\"><img loading=\"lazy\" decoding=\"async\" border=\"0\" data-original-height=\"762\" data-original-width=\"457\" height=\"640\" src=\"http:\/\/blogdoedvaldomagalhaes.com.br\/wp-content\/uploads\/2018\/03\/IMG-20180317-WA0042.jpg\" width=\"382\" \/><\/a><\/div>\n<p>A pol\u00edcia ainda n\u00e3o tem informa\u00e7\u00f5es sobre autoria do crime. O corpo foi encaminhado para o Instituto de Medicina Legal (IML).<\/p><\/div>\n<div style=\"background-color: white; box-sizing: border-box; line-height: 24px; margin-bottom: 10px; text-align: justify;\">\nEste foi o 9\u00ba homic\u00eddio do m\u00eas de mar\u00e7o em Caruaru. Em 2018, 38 pessoas foram assassinadas no munic\u00edpio.<\/div>\n","protected":false},"excerpt":{"rendered":"<p>Foto: Reprodu\u00e7\u00e3o\/WhatsApp O corpo de Diego Jos\u00e9 da Silva Carneiro, de 17 anos foi encontrado na manh\u00e3 deste s\u00e1bado (17),&hellip;<\/p>\n","protected":false},"author":1,"featured_media":0,"comment_status":"open","ping_status":"open","sticky":false,"template":"","format":"standard","meta":{"footnotes":""},"categories":[1],"tags":[3292,3293,2,3149,13,3294],"class_list":["post-2975","post","type-post","status-publish","format-standard","hentry","category-sem-categoria","tag-adolescente-assassinado-proximo-de-residencial-em-caruaru","tag-alto-do-moura","tag-blog-do-edvaldo-magalhaes","tag-iml","tag-policial","tag-residencial-luiz-bezerra-torres"],"_links":{"self":[{"href":"https:\/\/blogdoedvaldomagalhaes.com.br\/index.php\/wp-json\/wp\/v2\/posts\/2975","targetHints":{"allow":["GET"]}}],"collection":[{"href":"https:\/\/blogdoedvaldomagalhaes.com.br\/index.php\/wp-json\/wp\/v2\/posts"}],"about":[{"href":"https:\/\/blogdoedvaldomagalhaes.com.br\/index.php\/wp-json\/wp\/v2\/types\/post"}],"author":[{"embeddable":true,"href":"https:\/\/blogdoedvaldomagalhaes.com.br\/index.php\/wp-json\/wp\/v2\/users\/1"}],"replies":[{"embeddable":true,"href":"https:\/\/blogdoedvaldomagalhaes.com.br\/index.php\/wp-json\/wp\/v2\/comments?post=2975"}],"version-history":[{"count":1,"href":"https:\/\/blogdoedvaldomagalhaes.com.br\/index.php\/wp-json\/wp\/v2\/posts\/2975\/revisions"}],"predecessor-version":[{"id":29119,"href":"https:\/\/blogdoedvaldomagalhaes.com.br\/index.php\/wp-json\/wp\/v2\/posts\/2975\/revisions\/29119"}],"wp:attachment":[{"href":"https:\/\/blogdoedvaldomagalhaes.com.br\/index.php\/wp-json\/wp\/v2\/media?parent=2975"}],"wp:term":[{"taxonomy":"category","embeddable":true,"href":"https:\/\/blogdoedvaldomagalhaes.com.br\/index.php\/wp-json\/wp\/v2\/categories?post=2975"},{"taxonomy":"post_tag","embeddable":true,"href":"https:\/\/blogdoedvaldomagalhaes.com.br\/index.php\/wp-json\/wp\/v2\/tags?post=2975"}],"curies":[{"name":"wp","href":"https:\/\/api.w.org\/{rel}","templated":true}]}}