{"id":2974,"date":"2018-03-17T13:44:00","date_gmt":"2018-03-17T16:44:00","guid":{"rendered":"http:\/\/blogdoedvaldomagalhaes.com.br\/index.php\/2018\/03\/17\/forum-mundial-da-agua-em-brasilia-tera\/"},"modified":"2019-02-09T02:05:59","modified_gmt":"2019-02-09T04:05:59","slug":"forum-mundial-da-agua-em-brasilia-tera","status":"publish","type":"post","link":"https:\/\/blogdoedvaldomagalhaes.com.br\/index.php\/2018\/03\/17\/forum-mundial-da-agua-em-brasilia-tera\/","title":{"rendered":"F\u00f3rum Mundial da \u00c1gua em Bras\u00edlia ter\u00e1 participantes de Caruaru"},"content":{"rendered":"<div class=\"separator\" style=\"clear: both; text-align: center;\">\n<a href=\"https:\/\/2.bp.blogspot.com\/-xCvcmtYmw1Q\/Wq0brtJ9mUI\/AAAAAAAAsWk\/zfTOSoCJ1T4WxDl3H2Im2AdEPD9Ymd3jgCLcBGAs\/s1600\/f%25C3%25B3rum.jpg\" imageanchor=\"1\" style=\"margin-left: 1em; margin-right: 1em;\"><img loading=\"lazy\" decoding=\"async\" border=\"0\" data-original-height=\"394\" data-original-width=\"700\" height=\"360\" src=\"http:\/\/blogdoedvaldomagalhaes.com.br\/wp-content\/uploads\/2018\/03\/fC3B3rum.jpg\" width=\"640\" \/><\/a><\/div>\n<div style=\"background-color: white; box-sizing: border-box; line-height: 24px; margin-bottom: 10px; text-align: justify;\">\n<\/div>\n<div style=\"background-color: white; box-sizing: border-box; line-height: 24px; margin-bottom: 10px; text-align: justify;\">\nA partir deste domingo (18) Bras\u00edlia ser\u00e1 sede do 8\u00ba F\u00f3rum Mundial da \u00c1gua (FMA), o mais importante evento do setor, organizado pelo Conselho Mundial da \u00c1gua. Esta \u00e9 a primeira vez que um pa\u00eds do Hemisf\u00e9rio Sul sedia o encontro, que espera receber 40 mil visitantes e sete mil congressistas de diversos pa\u00edses.<\/div>\n<div style=\"background-color: white; box-sizing: border-box; line-height: 24px; margin-bottom: 10px; text-align: justify;\">\nDe Caruaru, v\u00e3o participar do evento o ambientalista Jo\u00e3o Domingos e o Padre Everaldo Fernandes. O encontro acontece a cada tr\u00eas anos.<\/div>\n","protected":false},"excerpt":{"rendered":"<p>A partir deste domingo (18) Bras\u00edlia ser\u00e1 sede do 8\u00ba F\u00f3rum Mundial da \u00c1gua (FMA), o mais importante evento do&hellip;<\/p>\n","protected":false},"author":1,"featured_media":0,"comment_status":"open","ping_status":"open","sticky":false,"template":"","format":"standard","meta":{"footnotes":""},"categories":[1],"tags":[2,3289,3290,6,1950,3291],"class_list":["post-2974","post","type-post","status-publish","format-standard","hentry","category-sem-categoria","tag-blog-do-edvaldo-magalhaes","tag-forum-mundial-da-agua-em-brasilia-tera-participantes-de-caruaru","tag-joao-domingos","tag-noticias","tag-noticias-de-caruaru","tag-padre-everaldo-fernandes"],"_links":{"self":[{"href":"https:\/\/blogdoedvaldomagalhaes.com.br\/index.php\/wp-json\/wp\/v2\/posts\/2974","targetHints":{"allow":["GET"]}}],"collection":[{"href":"https:\/\/blogdoedvaldomagalhaes.com.br\/index.php\/wp-json\/wp\/v2\/posts"}],"about":[{"href":"https:\/\/blogdoedvaldomagalhaes.com.br\/index.php\/wp-json\/wp\/v2\/types\/post"}],"author":[{"embeddable":true,"href":"https:\/\/blogdoedvaldomagalhaes.com.br\/index.php\/wp-json\/wp\/v2\/users\/1"}],"replies":[{"embeddable":true,"href":"https:\/\/blogdoedvaldomagalhaes.com.br\/index.php\/wp-json\/wp\/v2\/comments?post=2974"}],"version-history":[{"count":1,"href":"https:\/\/blogdoedvaldomagalhaes.com.br\/index.php\/wp-json\/wp\/v2\/posts\/2974\/revisions"}],"predecessor-version":[{"id":29121,"href":"https:\/\/blogdoedvaldomagalhaes.com.br\/index.php\/wp-json\/wp\/v2\/posts\/2974\/revisions\/29121"}],"wp:attachment":[{"href":"https:\/\/blogdoedvaldomagalhaes.com.br\/index.php\/wp-json\/wp\/v2\/media?parent=2974"}],"wp:term":[{"taxonomy":"category","embeddable":true,"href":"https:\/\/blogdoedvaldomagalhaes.com.br\/index.php\/wp-json\/wp\/v2\/categories?post=2974"},{"taxonomy":"post_tag","embeddable":true,"href":"https:\/\/blogdoedvaldomagalhaes.com.br\/index.php\/wp-json\/wp\/v2\/tags?post=2974"}],"curies":[{"name":"wp","href":"https:\/\/api.w.org\/{rel}","templated":true}]}}