{"id":2973,"date":"2018-03-17T13:49:00","date_gmt":"2018-03-17T16:49:00","guid":{"rendered":"http:\/\/blogdoedvaldomagalhaes.com.br\/index.php\/2018\/03\/17\/motorista-que-renovar-cnh-tera-que\/"},"modified":"2019-02-09T02:06:00","modified_gmt":"2019-02-09T04:06:00","slug":"motorista-que-renovar-cnh-tera-que","status":"publish","type":"post","link":"https:\/\/blogdoedvaldomagalhaes.com.br\/index.php\/2018\/03\/17\/motorista-que-renovar-cnh-tera-que\/","title":{"rendered":"Motorista que renovar CNH ter\u00e1 que refazer aula e prova te\u00f3rica a partir de junho"},"content":{"rendered":"<div class=\"separator\" style=\"clear: both; text-align: center;\">\n<a href=\"https:\/\/2.bp.blogspot.com\/-jhrSuk2Dz-E\/Wq0c8hnXjgI\/AAAAAAAAsWs\/iea9muw32QEFmiPAQXTImxRAUpbKvAgCACLcBGAs\/s1600\/cartira.jpg\" imageanchor=\"1\" style=\"margin-left: 1em; margin-right: 1em;\"><img loading=\"lazy\" decoding=\"async\" border=\"0\" data-original-height=\"720\" data-original-width=\"1280\" height=\"360\" src=\"http:\/\/blogdoedvaldomagalhaes.com.br\/wp-content\/uploads\/2018\/03\/cartira.jpg\" width=\"640\" \/><\/a><\/div>\n<div style=\"background-color: white; box-sizing: border-box; line-height: 24px; margin-bottom: 10px; text-align: justify;\">\n<\/div>\n<div style=\"background-color: white; box-sizing: border-box; line-height: 24px; margin-bottom: 10px; text-align: justify;\">\nA partir de junho deste ano, motoristas que renovarem a Carteira Nacional de Habilita\u00e7\u00e3o (CNH) v\u00e3o precisar refazer curso e exame te\u00f3rico para poderem dirigir, segundo resolu\u00e7\u00e3o do Conselho Nacional de Tr\u00e2nsito (Contran).<\/div>\n<div style=\"background-color: white; box-sizing: border-box; line-height: 24px; margin-bottom: 10px; text-align: justify;\">\nO curso te\u00f3rico ter\u00e1 um total de dez horas\/aula-cada uma com 50 minutos-, abordar\u00e1 desde legisla\u00e7\u00e3o de tr\u00e2nsito a estrutura de \u00f3rg\u00e3os fiscalizadores e poder\u00e1 ser feito presencialmente ou \u00e0 dist\u00e2ncia. A carga hor\u00e1ria m\u00e1xima permitida por dia \u00e9 de cinco horas\/aula, e os motoristas devem ter 100% de presen\u00e7a.<\/div>\n<div style=\"background-color: white; box-sizing: border-box; line-height: 24px; margin-bottom: 10px; text-align: justify;\">\nAo final do curso, ser\u00e1 exigida uma prova com 30 quest\u00f5es de m\u00faltipla escolha. Os motoristas devem acertar pelo menos 70% das quest\u00f5es. O exame m\u00e9dico continua exigido aos motoristas que renovarem suas habilita\u00e7\u00f5es.<\/div>\n","protected":false},"excerpt":{"rendered":"<p>A partir de junho deste ano, motoristas que renovarem a Carteira Nacional de Habilita\u00e7\u00e3o (CNH) v\u00e3o precisar refazer curso e&hellip;<\/p>\n","protected":false},"author":1,"featured_media":0,"comment_status":"open","ping_status":"open","sticky":false,"template":"","format":"standard","meta":{"footnotes":""},"categories":[1],"tags":[2,3288,6],"class_list":["post-2973","post","type-post","status-publish","format-standard","hentry","category-sem-categoria","tag-blog-do-edvaldo-magalhaes","tag-motorista-que-renovar-cnh-tera-que-refazer-aula-e-prova-teorica-a-partir-de-junho","tag-noticias"],"_links":{"self":[{"href":"https:\/\/blogdoedvaldomagalhaes.com.br\/index.php\/wp-json\/wp\/v2\/posts\/2973","targetHints":{"allow":["GET"]}}],"collection":[{"href":"https:\/\/blogdoedvaldomagalhaes.com.br\/index.php\/wp-json\/wp\/v2\/posts"}],"about":[{"href":"https:\/\/blogdoedvaldomagalhaes.com.br\/index.php\/wp-json\/wp\/v2\/types\/post"}],"author":[{"embeddable":true,"href":"https:\/\/blogdoedvaldomagalhaes.com.br\/index.php\/wp-json\/wp\/v2\/users\/1"}],"replies":[{"embeddable":true,"href":"https:\/\/blogdoedvaldomagalhaes.com.br\/index.php\/wp-json\/wp\/v2\/comments?post=2973"}],"version-history":[{"count":1,"href":"https:\/\/blogdoedvaldomagalhaes.com.br\/index.php\/wp-json\/wp\/v2\/posts\/2973\/revisions"}],"predecessor-version":[{"id":29123,"href":"https:\/\/blogdoedvaldomagalhaes.com.br\/index.php\/wp-json\/wp\/v2\/posts\/2973\/revisions\/29123"}],"wp:attachment":[{"href":"https:\/\/blogdoedvaldomagalhaes.com.br\/index.php\/wp-json\/wp\/v2\/media?parent=2973"}],"wp:term":[{"taxonomy":"category","embeddable":true,"href":"https:\/\/blogdoedvaldomagalhaes.com.br\/index.php\/wp-json\/wp\/v2\/categories?post=2973"},{"taxonomy":"post_tag","embeddable":true,"href":"https:\/\/blogdoedvaldomagalhaes.com.br\/index.php\/wp-json\/wp\/v2\/tags?post=2973"}],"curies":[{"name":"wp","href":"https:\/\/api.w.org\/{rel}","templated":true}]}}