{"id":2972,"date":"2018-03-17T14:00:00","date_gmt":"2018-03-17T17:00:00","guid":{"rendered":"http:\/\/blogdoedvaldomagalhaes.com.br\/index.php\/2018\/03\/17\/tony-gel-e-ze-queiroz-juntos-no\/"},"modified":"2019-02-09T02:06:00","modified_gmt":"2019-02-09T04:06:00","slug":"tony-gel-e-ze-queiroz-juntos-no","status":"publish","type":"post","link":"https:\/\/blogdoedvaldomagalhaes.com.br\/index.php\/2018\/03\/17\/tony-gel-e-ze-queiroz-juntos-no\/","title":{"rendered":"Tony Gel e Z\u00e9 Queiroz juntos no lan\u00e7amento do livro biogr\u00e1fico de Anast\u00e1cio Rodrigues que reuniu principais lideran\u00e7as pol\u00edticas de Caruaru"},"content":{"rendered":"<div class=\"separator\" style=\"clear: both; text-align: center;\">\n<a href=\"https:\/\/2.bp.blogspot.com\/-i0b3YdYSbcU\/Wq0eNnTmLsI\/AAAAAAAAsW0\/x1G6yMXgsgkPJ6lfouNGMqYi1iI0NklIACLcBGAs\/s1600\/z%25C3%25A9.jpg\" imageanchor=\"1\" style=\"margin-left: 1em; margin-right: 1em;\"><img loading=\"lazy\" decoding=\"async\" border=\"0\" data-original-height=\"768\" data-original-width=\"1024\" height=\"480\" src=\"http:\/\/blogdoedvaldomagalhaes.com.br\/wp-content\/uploads\/2018\/03\/zC3A9.jpg\" width=\"640\" \/><\/a><\/div>\n<div style=\"background-color: white; border: 0px; color: #4b4b4b; font-family: &quot;Open Sans&quot;, sans-serif; font-size: 16px; margin-bottom: 1.5em; outline: 0px; padding: 0px; vertical-align: baseline;\">\n<b><br \/><\/b><\/div>\n<div style=\"background-color: white; border: 0px; margin-bottom: 1.5em; outline: 0px; padding: 0px; text-align: justify; vertical-align: baseline;\">\n<b>Do Blog do M\u00e1rio Fl\u00e1vio<\/b><\/div>\n<div style=\"background-color: white; border: 0px; margin-bottom: 1.5em; outline: 0px; padding: 0px; text-align: justify; vertical-align: baseline;\">\nO ex-prefeito Anast\u00e1cio Rodrigues conseguiu uma fa\u00e7anha que h\u00e1 muito n\u00e3o se via em Caruaru. No lan\u00e7amento da biografia dele juntar todos os ex-prefeitos vivos e os lados mais controversos da pol\u00edtica local. Algumas curiosidades e detalhes dos discursos chamaram aten\u00e7\u00e3o. Vamos a eles\u2026<\/div>\n<div style=\"background-color: white; border: 0px; margin-bottom: 1.5em; outline: 0px; padding: 0px; text-align: justify; vertical-align: baseline;\">\n<strong style=\"border: 0px; font-style: inherit; margin: 0px; outline: 0px; padding: 0px; vertical-align: baseline;\">Laura<\/strong>&nbsp;\u2013 Ironia ou a prop\u00f3sito? A deputada Laura Gomes usou a palavra ap\u00f3s o marido, o ex-vice-prefeito Jorge Gomes. Ela citou que era nepotismo, por falar logo ap\u00f3s o marido, mas para muitos foi uma indireta para a prefeita Raquel, que teve uma a\u00e7\u00e3o de improbidade iniciada pelo Minist\u00e9rio P\u00fablico para investigar justamente pr\u00e1tica de nepotismo na prefeitura.<\/div>\n<div style=\"background-color: white; border: 0px; margin-bottom: 1.5em; outline: 0px; padding: 0px; text-align: justify; vertical-align: baseline;\">\n<strong style=\"border: 0px; font-style: inherit; margin: 0px; outline: 0px; padding: 0px; vertical-align: baseline;\">Z\u00e9, o gentleman&nbsp;<\/strong>\u2013 O ex-prefeito Jos\u00e9 Queiroz \u00e9 um excelente orador. Isso todos sabem, mas ontem ele se superou. O cerimonial n\u00e3o registrou a presen\u00e7a do jornalista Drayton Nejaim Filho. No entanto, Queiroz cumprimentou a todos e fez uma men\u00e7\u00e3o ao filho do ex-prefeito Drayton Nejaim. Todos aplaudiram e Queiroz mais uma vez mostrou toda habilidade com os microfones.<\/div>\n<div style=\"background-color: white; border: 0px; margin-bottom: 1.5em; outline: 0px; padding: 0px; text-align: justify; vertical-align: baseline;\">\n<strong style=\"border: 0px; font-style: inherit; margin: 0px; outline: 0px; padding: 0px; vertical-align: baseline;\">Drayton candidato?<\/strong>&nbsp;Ali\u00e1s, o filho do ex-prefeito poderia at\u00e9 ter falado ontem. Caberia uma fala dele devido \u00e0 import\u00e2ncia que o pai teve na pol\u00edtica local. Mais cedo na r\u00e1dio Cultura, Drayton, que \u00e9 uma c\u00f3pia do pai (semelhan\u00e7a impressionante) disse n\u00e3o tem inten\u00e7\u00e3o de disputar uma elei\u00e7\u00e3o em Caruaru. Ele disse que contribui melhor onde est\u00e1, atuando como jornalista e \u00e0 frente do Lide-Pernambuco.<\/div>\n<div class=\"separator\" style=\"clear: both; text-align: center;\">\n<a href=\"https:\/\/4.bp.blogspot.com\/-rBpTkxuGLxk\/Wq0fgM5kL5I\/AAAAAAAAsW8\/K_npCNjrdP4YlJOHhHm6IyF9jSIBsq_IgCLcBGAs\/s1600\/foto.jpg\" imageanchor=\"1\" style=\"margin-left: 1em; margin-right: 1em;\"><img loading=\"lazy\" decoding=\"async\" border=\"0\" data-original-height=\"768\" data-original-width=\"1024\" height=\"480\" src=\"http:\/\/blogdoedvaldomagalhaes.com.br\/wp-content\/uploads\/2018\/03\/foto-6.jpg\" width=\"640\" \/><\/a><\/div>\n<div style=\"background-color: white; border: 0px; margin-bottom: 1.5em; outline: 0px; padding: 0px; text-align: justify; vertical-align: baseline;\">\n<\/div>\n<div style=\"background-color: white; border: 0px; margin-bottom: 1.5em; outline: 0px; padding: 0px; text-align: justify; vertical-align: baseline;\">\n<strong style=\"border: 0px; font-style: inherit; margin: 0px; outline: 0px; padding: 0px; vertical-align: baseline;\">Tony, o tio e Paulo C\u00e2mara<\/strong>&nbsp;\u2013 O deputado estadual Tony Gel falou no evento e aproveitou para enaltecer o ex-prefeito Anast\u00e1cio que \u00e9 tio de Tony. Ele lembrou da campanha que Anast\u00e1cio venceu e puxou a brasa para a sardinha do governador Paulo C\u00e2mara. Tony teve apoio fundamental para que o livro fosse rodado na gr\u00e1fica do governo de PE. Ainda na fala, Tony que \u00e9 sucessor de Anast\u00e1cio na pol\u00edtica, disse que o filho Tonynho, que vai disputar um mandato de deputado federal, tem o tio Anast\u00e1cio como espelho.<\/div>\n<div style=\"background-color: white; border: 0px; margin-bottom: 1.5em; outline: 0px; padding: 0px; text-align: justify; vertical-align: baseline;\">\n<strong style=\"border: 0px; font-style: inherit; margin: 0px; outline: 0px; padding: 0px; vertical-align: baseline;\">Lado a lado<\/strong>&nbsp;\u2013 O deputado estadual Tony Gel e o ex-prefeito Jos\u00e9 Queiroz ficaram lado a lado. Os dois que j\u00e1 travaram v\u00e1rios duelos em elei\u00e7\u00f5es passadas, parece que agora encontraram o caminho da paz. Se eles ser\u00e3o aliados, \u00e9 outra hist\u00f3ria, mas ambos t\u00eam uma rela\u00e7\u00e3o bem pr\u00f3xima e distantes dos Lyra.<\/div>\n<div>\n<div style=\"background-color: white; border: 0px; margin-bottom: 1.5em; outline: 0px; padding: 0px; text-align: justify; vertical-align: baseline;\">\n<strong style=\"border: 0px; font-style: inherit; margin: 0px; outline: 0px; padding: 0px; vertical-align: baseline;\">Jo\u00e3o Lyra, \u00e0 Frente Popular e Ferdinando<\/strong>&nbsp;\u2013 O ex-governador Jo\u00e3o Lyra lembrou da Frente Popular hist\u00f3rica que foi iniciada em Caruaru. Justamente no per\u00edodo em que Anast\u00e1cio estava no auge da pol\u00edtica e houve a uni\u00e3o entre Miguel Arraes e o ex-prefeito Jo\u00e3o Lyra Filho. Ele tamb\u00e9m citou trecho do livro, no qual foi citado no in\u00edcio das atividades pol\u00edticas. O engra\u00e7ado na fala de Jo\u00e3o foi trocar o nome do autor do livro. Chamou o jornalista Fernandino de Ferdinando. A corre\u00e7\u00e3o foi feita pela filha de Jo\u00e3o e prefeita de Caruaru. Raquel mostrou que est\u00e1 antenada com as recentes produ\u00e7\u00f5es de Hollywood.<\/p>\n<div class=\"separator\" style=\"clear: both; text-align: center;\">\n<a href=\"https:\/\/1.bp.blogspot.com\/-uvGq7T5Hdhc\/Wq09CMw9cfI\/AAAAAAAAsXo\/RnXahOkCDroRIpO3geQRF45Ifc2pZbsDQCLcBGAs\/s1600\/IMG-20180317-WA0054.jpg\" imageanchor=\"1\" style=\"margin-left: 1em; margin-right: 1em;\"><img loading=\"lazy\" decoding=\"async\" border=\"0\" data-original-height=\"483\" data-original-width=\"720\" height=\"428\" src=\"http:\/\/blogdoedvaldomagalhaes.com.br\/wp-content\/uploads\/2018\/03\/IMG-20180317-WA0054.jpg\" width=\"640\" \/><\/a><\/div>\n<\/div>\n<div style=\"background-color: white; border: 0px; margin-bottom: 1.5em; outline: 0px; padding: 0px; text-align: justify; vertical-align: baseline;\">\n<strong style=\"border: 0px; font-style: inherit; margin: 0px; outline: 0px; padding: 0px; vertical-align: baseline;\">Um sucesso<\/strong>&nbsp;\u2013 Vale ressaltar que o lan\u00e7amento do livro foi um sucesso. Reuniu as principais lideran\u00e7as pol\u00edticas da cidade e lotou o audit\u00f3rio do Shopping Difusora. Parab\u00e9ns, Anast\u00e1cio e Fernandino!<\/div>\n<\/div>\n","protected":false},"excerpt":{"rendered":"<p>Do Blog do M\u00e1rio Fl\u00e1vio O ex-prefeito Anast\u00e1cio Rodrigues conseguiu uma fa\u00e7anha que h\u00e1 muito n\u00e3o se via em Caruaru.&hellip;<\/p>\n","protected":false},"author":1,"featured_media":0,"comment_status":"open","ping_status":"open","sticky":false,"template":"","format":"standard","meta":{"footnotes":""},"categories":[1],"tags":[2,20,3287],"class_list":["post-2972","post","type-post","status-publish","format-standard","hentry","category-sem-categoria","tag-blog-do-edvaldo-magalhaes","tag-politica","tag-tony-gel-e-ze-queiroz-juntos-no-lancamento-do-livro-biografico-de-anastacio-rodrigues-que-reuniu-principais-liderancas-politicas-de-caruaru"],"_links":{"self":[{"href":"https:\/\/blogdoedvaldomagalhaes.com.br\/index.php\/wp-json\/wp\/v2\/posts\/2972","targetHints":{"allow":["GET"]}}],"collection":[{"href":"https:\/\/blogdoedvaldomagalhaes.com.br\/index.php\/wp-json\/wp\/v2\/posts"}],"about":[{"href":"https:\/\/blogdoedvaldomagalhaes.com.br\/index.php\/wp-json\/wp\/v2\/types\/post"}],"author":[{"embeddable":true,"href":"https:\/\/blogdoedvaldomagalhaes.com.br\/index.php\/wp-json\/wp\/v2\/users\/1"}],"replies":[{"embeddable":true,"href":"https:\/\/blogdoedvaldomagalhaes.com.br\/index.php\/wp-json\/wp\/v2\/comments?post=2972"}],"version-history":[{"count":1,"href":"https:\/\/blogdoedvaldomagalhaes.com.br\/index.php\/wp-json\/wp\/v2\/posts\/2972\/revisions"}],"predecessor-version":[{"id":29127,"href":"https:\/\/blogdoedvaldomagalhaes.com.br\/index.php\/wp-json\/wp\/v2\/posts\/2972\/revisions\/29127"}],"wp:attachment":[{"href":"https:\/\/blogdoedvaldomagalhaes.com.br\/index.php\/wp-json\/wp\/v2\/media?parent=2972"}],"wp:term":[{"taxonomy":"category","embeddable":true,"href":"https:\/\/blogdoedvaldomagalhaes.com.br\/index.php\/wp-json\/wp\/v2\/categories?post=2972"},{"taxonomy":"post_tag","embeddable":true,"href":"https:\/\/blogdoedvaldomagalhaes.com.br\/index.php\/wp-json\/wp\/v2\/tags?post=2972"}],"curies":[{"name":"wp","href":"https:\/\/api.w.org\/{rel}","templated":true}]}}