{"id":2951,"date":"2018-03-20T10:54:00","date_gmt":"2018-03-20T13:54:00","guid":{"rendered":"http:\/\/blogdoedvaldomagalhaes.com.br\/index.php\/2018\/03\/20\/alto-do-moura-nao-tera-este-ano\/"},"modified":"2019-02-09T02:06:13","modified_gmt":"2019-02-09T04:06:13","slug":"alto-do-moura-nao-tera-este-ano","status":"publish","type":"post","link":"https:\/\/blogdoedvaldomagalhaes.com.br\/index.php\/2018\/03\/20\/alto-do-moura-nao-tera-este-ano\/","title":{"rendered":"Alto do Moura n\u00e3o ter\u00e1 este ano a encena\u00e7\u00e3o da Paix\u00e3o de Cristo"},"content":{"rendered":"<div class=\"separator\" style=\"clear: both; text-align: center;\">\n<a href=\"https:\/\/4.bp.blogspot.com\/-674nZeHQm0A\/WrDoEz2SiGI\/AAAAAAAAsf4\/PzcKkx6lEMMyhgFomxc1zOli7QSC-nm4QCLcBGAs\/s1600\/paixc%25C3%25A3o.jpg\" imageanchor=\"1\" style=\"margin-left: 1em; margin-right: 1em;\"><img loading=\"lazy\" decoding=\"async\" border=\"0\" data-original-height=\"1018\" data-original-width=\"1600\" height=\"203\" src=\"http:\/\/blogdoedvaldomagalhaes.com.br\/wp-content\/uploads\/2018\/03\/paixcC3A3o.jpg\" width=\"320\" \/><\/a><\/div>\n<div class=\"separator\" style=\"clear: both; text-align: center;\">\nFoto: Arnaldo F\u00e9lix<\/div>\n<p>\nO Alto do Moura, em Caruaru, n\u00e3o ter\u00e1 o espet\u00e1culo da Paix\u00e3o de Cristo este ano. A encena\u00e7\u00e3o ocorria h\u00e1 10 anos. Um dos motivos seria a falta de apoio, mas o presidente da Associa\u00e7\u00e3o dos Artes\u00e3os em Barro e Moradores do Alto do Moura, Ademir Ant\u00f4nio, fala em dificuldades internas.<\/p>\n","protected":false},"excerpt":{"rendered":"<p>Foto: Arnaldo F\u00e9lix O Alto do Moura, em Caruaru, n\u00e3o ter\u00e1 o espet\u00e1culo da Paix\u00e3o de Cristo este ano. A&hellip;<\/p>\n","protected":false},"author":1,"featured_media":0,"comment_status":"open","ping_status":"open","sticky":false,"template":"","format":"standard","meta":{"footnotes":""},"categories":[1],"tags":[3261,3262,2,6],"class_list":["post-2951","post","type-post","status-publish","format-standard","hentry","category-sem-categoria","tag-ademir-antonio","tag-alto-do-moura-nao-tera-este-ano-a-encenacao-da-paixao-de-cristo","tag-blog-do-edvaldo-magalhaes","tag-noticias"],"_links":{"self":[{"href":"https:\/\/blogdoedvaldomagalhaes.com.br\/index.php\/wp-json\/wp\/v2\/posts\/2951","targetHints":{"allow":["GET"]}}],"collection":[{"href":"https:\/\/blogdoedvaldomagalhaes.com.br\/index.php\/wp-json\/wp\/v2\/posts"}],"about":[{"href":"https:\/\/blogdoedvaldomagalhaes.com.br\/index.php\/wp-json\/wp\/v2\/types\/post"}],"author":[{"embeddable":true,"href":"https:\/\/blogdoedvaldomagalhaes.com.br\/index.php\/wp-json\/wp\/v2\/users\/1"}],"replies":[{"embeddable":true,"href":"https:\/\/blogdoedvaldomagalhaes.com.br\/index.php\/wp-json\/wp\/v2\/comments?post=2951"}],"version-history":[{"count":1,"href":"https:\/\/blogdoedvaldomagalhaes.com.br\/index.php\/wp-json\/wp\/v2\/posts\/2951\/revisions"}],"predecessor-version":[{"id":29175,"href":"https:\/\/blogdoedvaldomagalhaes.com.br\/index.php\/wp-json\/wp\/v2\/posts\/2951\/revisions\/29175"}],"wp:attachment":[{"href":"https:\/\/blogdoedvaldomagalhaes.com.br\/index.php\/wp-json\/wp\/v2\/media?parent=2951"}],"wp:term":[{"taxonomy":"category","embeddable":true,"href":"https:\/\/blogdoedvaldomagalhaes.com.br\/index.php\/wp-json\/wp\/v2\/categories?post=2951"},{"taxonomy":"post_tag","embeddable":true,"href":"https:\/\/blogdoedvaldomagalhaes.com.br\/index.php\/wp-json\/wp\/v2\/tags?post=2951"}],"curies":[{"name":"wp","href":"https:\/\/api.w.org\/{rel}","templated":true}]}}