{"id":2930,"date":"2018-03-22T17:11:00","date_gmt":"2018-03-22T20:11:00","guid":{"rendered":"http:\/\/blogdoedvaldomagalhaes.com.br\/index.php\/2018\/03\/22\/rubens-junior-assume-interinamente\/"},"modified":"2019-02-09T02:06:28","modified_gmt":"2019-02-09T04:06:28","slug":"rubens-junior-assume-interinamente","status":"publish","type":"post","link":"https:\/\/blogdoedvaldomagalhaes.com.br\/index.php\/2018\/03\/22\/rubens-junior-assume-interinamente\/","title":{"rendered":"Rubens J\u00fanior assume interinamente a Funda\u00e7\u00e3o de Cultura e Turismo e L\u00facio Omena a Ger\u00eancia de Projetos Especiais"},"content":{"rendered":"<div class=\"separator\" style=\"clear: both; text-align: center;\">\n<a href=\"https:\/\/3.bp.blogspot.com\/-syU-Ya0t08o\/WrPiVZqXMXI\/AAAAAAAAsp8\/yxSB7xFMhXYU2z9FLAl4LKak0bCpSiYcQCLcBGAs\/s1600\/rubens.JPG\" imageanchor=\"1\" style=\"margin-left: 1em; margin-right: 1em;\"><img loading=\"lazy\" decoding=\"async\" border=\"0\" data-original-height=\"199\" data-original-width=\"270\" height=\"469\" src=\"http:\/\/blogdoedvaldomagalhaes.com.br\/wp-content\/uploads\/2018\/03\/rubens.jpg\" width=\"640\" \/><\/a><\/div>\n<div style=\"background-color: white; border: 0px; margin-bottom: 1.5em; outline: 0px; padding: 0px; text-align: justify; vertical-align: baseline;\">\n<\/div>\n<div style=\"background-color: white; border: 0px; margin-bottom: 1.5em; outline: 0px; padding: 0px; text-align: justify; vertical-align: baseline;\">\nA prefeita de Caruaru, Raquel Lyra (PSDB), assinou nomea\u00e7\u00e3o que foi publicada no Di\u00e1rio Oficial do munic\u00edpio, do secret\u00e1rio de governo, Rubens J\u00fanior, para assumir temporariamente a presid\u00eancia da Funda\u00e7\u00e3o de Cultura e Turismo do Munic\u00edpio (FCTC), acumulando as duas fun\u00e7\u00f5es, e recebendo apenas um sal\u00e1rio.<\/div>\n<div style=\"background-color: white; border: 0px; margin-bottom: 1.5em; outline: 0px; padding: 0px; text-align: justify; vertical-align: baseline;\">\nA gestora do munic\u00edpio nomeou o ex-presidente da Funda\u00e7\u00e3o de Cultura e Turismo, L\u00facio Omena, Gerente de Projetos Especiais.<\/div>\n","protected":false},"excerpt":{"rendered":"<p>A prefeita de Caruaru, Raquel Lyra (PSDB), assinou nomea\u00e7\u00e3o que foi publicada no Di\u00e1rio Oficial do munic\u00edpio, do secret\u00e1rio de&hellip;<\/p>\n","protected":false},"author":1,"featured_media":0,"comment_status":"open","ping_status":"open","sticky":false,"template":"","format":"standard","meta":{"footnotes":""},"categories":[1],"tags":[2,6,3240],"class_list":["post-2930","post","type-post","status-publish","format-standard","hentry","category-sem-categoria","tag-blog-do-edvaldo-magalhaes","tag-noticias","tag-rubens-junior-assume-interinamente-a-fundacao-de-cultura-e-turismo-e-lucio-omena-nomeado-gerente-de-projetos-especiais"],"_links":{"self":[{"href":"https:\/\/blogdoedvaldomagalhaes.com.br\/index.php\/wp-json\/wp\/v2\/posts\/2930","targetHints":{"allow":["GET"]}}],"collection":[{"href":"https:\/\/blogdoedvaldomagalhaes.com.br\/index.php\/wp-json\/wp\/v2\/posts"}],"about":[{"href":"https:\/\/blogdoedvaldomagalhaes.com.br\/index.php\/wp-json\/wp\/v2\/types\/post"}],"author":[{"embeddable":true,"href":"https:\/\/blogdoedvaldomagalhaes.com.br\/index.php\/wp-json\/wp\/v2\/users\/1"}],"replies":[{"embeddable":true,"href":"https:\/\/blogdoedvaldomagalhaes.com.br\/index.php\/wp-json\/wp\/v2\/comments?post=2930"}],"version-history":[{"count":1,"href":"https:\/\/blogdoedvaldomagalhaes.com.br\/index.php\/wp-json\/wp\/v2\/posts\/2930\/revisions"}],"predecessor-version":[{"id":29228,"href":"https:\/\/blogdoedvaldomagalhaes.com.br\/index.php\/wp-json\/wp\/v2\/posts\/2930\/revisions\/29228"}],"wp:attachment":[{"href":"https:\/\/blogdoedvaldomagalhaes.com.br\/index.php\/wp-json\/wp\/v2\/media?parent=2930"}],"wp:term":[{"taxonomy":"category","embeddable":true,"href":"https:\/\/blogdoedvaldomagalhaes.com.br\/index.php\/wp-json\/wp\/v2\/categories?post=2930"},{"taxonomy":"post_tag","embeddable":true,"href":"https:\/\/blogdoedvaldomagalhaes.com.br\/index.php\/wp-json\/wp\/v2\/tags?post=2930"}],"curies":[{"name":"wp","href":"https:\/\/api.w.org\/{rel}","templated":true}]}}