{"id":2929,"date":"2018-03-22T20:34:00","date_gmt":"2018-03-22T23:34:00","guid":{"rendered":"http:\/\/blogdoedvaldomagalhaes.com.br\/index.php\/2018\/03\/22\/encenacao-da-paixao-de-cristo-na\/"},"modified":"2019-02-09T02:06:28","modified_gmt":"2019-02-09T04:06:28","slug":"encenacao-da-paixao-de-cristo-na","status":"publish","type":"post","link":"https:\/\/blogdoedvaldomagalhaes.com.br\/index.php\/2018\/03\/22\/encenacao-da-paixao-de-cristo-na\/","title":{"rendered":"Encena\u00e7\u00e3o da Paix\u00e3o de Cristo na Esta\u00e7\u00e3o Ferrovi\u00e1ria de Caruaru"},"content":{"rendered":"<div class=\"separator\" style=\"clear: both; text-align: center;\">\n<a href=\"https:\/\/1.bp.blogspot.com\/-CuljqUSewpY\/WrQSxAx3_wI\/AAAAAAAAsqY\/ZQM_ErxoQTkV2U020aSSQSxQwQrIBGolwCLcBGAs\/s1600\/paicx%25C3%25A3o.jpg\" imageanchor=\"1\" style=\"margin-left: 1em; margin-right: 1em;\"><img loading=\"lazy\" decoding=\"async\" border=\"0\" data-original-height=\"407\" data-original-width=\"640\" height=\"406\" src=\"http:\/\/blogdoedvaldomagalhaes.com.br\/wp-content\/uploads\/2018\/03\/paicxC3A3o.jpg\" width=\"640\" \/><\/a><\/div>\n<div style=\"background-color: white; border: 0px; margin-bottom: 1.5em; outline: 0px; padding: 0px; text-align: justify; vertical-align: baseline;\">\n<\/div>\n<div style=\"background-color: white; border: 0px; margin-bottom: 1.5em; outline: 0px; padding: 0px; text-align: justify; vertical-align: baseline;\">\nNa noite da pr\u00f3xima segunda-feira (26), a Esta\u00e7\u00e3o Ferrovi\u00e1ria de Caruaru ser\u00e1 palco da encena\u00e7\u00e3o do espet\u00e1culo Paix\u00e3o de Cristo do Servi\u00e7o de Conviv\u00eancia e Fortalecimento de V\u00ednculos (SCFV) do munic\u00edpio. Ser\u00e3o mais de 80 crian\u00e7as e adolescentes em cena, com idades entre seis e 14 anos, usu\u00e1rios das atividades de educa\u00e7\u00e3o social e oficinas dos Centros de Conviv\u00eancia e Fortalecimento de V\u00ednculos que atendem bairros como Fernando Lyra, Centen\u00e1rio e Rendeiras.<\/div>\n<div style=\"background-color: white; border: 0px; margin-bottom: 1.5em; outline: 0px; padding: 0px; text-align: justify; vertical-align: baseline;\">\nO espet\u00e1culo ser\u00e1 realizado ao ar livre, com seis cen\u00e1rios para a declama\u00e7\u00e3o do drama, no largo da Esta\u00e7\u00e3o, onde ser\u00e3o disponibilizadas cadeiras para o p\u00fablico na antiga plataforma de embarque. A encena\u00e7\u00e3o ir\u00e1 come\u00e7ar \u00e0s 19h e o acesso \u00e9 gratuito e aberto para todas as idades. Cerca de 100 pessoas est\u00e3o envolvidas no espet\u00e1culo, que tem produ\u00e7\u00e3o de William Smith e dire\u00e7\u00e3o art\u00edstica de Rodrigo Martins.&nbsp;<\/div>\n","protected":false},"excerpt":{"rendered":"<p>Na noite da pr\u00f3xima segunda-feira (26), a Esta\u00e7\u00e3o Ferrovi\u00e1ria de Caruaru ser\u00e1 palco da encena\u00e7\u00e3o do espet\u00e1culo Paix\u00e3o de Cristo&hellip;<\/p>\n","protected":false},"author":1,"featured_media":0,"comment_status":"open","ping_status":"open","sticky":false,"template":"","format":"standard","meta":{"footnotes":""},"categories":[1],"tags":[2,3237,6,3238,3239],"class_list":["post-2929","post","type-post","status-publish","format-standard","hentry","category-sem-categoria","tag-blog-do-edvaldo-magalhaes","tag-encenacao-da-paixao-de-cristo-na-estacao-ferroviaria-de-caruaru","tag-noticias","tag-scfv","tag-servico-de-convivencia-e-fortalecimento-de-vinculos"],"_links":{"self":[{"href":"https:\/\/blogdoedvaldomagalhaes.com.br\/index.php\/wp-json\/wp\/v2\/posts\/2929","targetHints":{"allow":["GET"]}}],"collection":[{"href":"https:\/\/blogdoedvaldomagalhaes.com.br\/index.php\/wp-json\/wp\/v2\/posts"}],"about":[{"href":"https:\/\/blogdoedvaldomagalhaes.com.br\/index.php\/wp-json\/wp\/v2\/types\/post"}],"author":[{"embeddable":true,"href":"https:\/\/blogdoedvaldomagalhaes.com.br\/index.php\/wp-json\/wp\/v2\/users\/1"}],"replies":[{"embeddable":true,"href":"https:\/\/blogdoedvaldomagalhaes.com.br\/index.php\/wp-json\/wp\/v2\/comments?post=2929"}],"version-history":[{"count":1,"href":"https:\/\/blogdoedvaldomagalhaes.com.br\/index.php\/wp-json\/wp\/v2\/posts\/2929\/revisions"}],"predecessor-version":[{"id":29230,"href":"https:\/\/blogdoedvaldomagalhaes.com.br\/index.php\/wp-json\/wp\/v2\/posts\/2929\/revisions\/29230"}],"wp:attachment":[{"href":"https:\/\/blogdoedvaldomagalhaes.com.br\/index.php\/wp-json\/wp\/v2\/media?parent=2929"}],"wp:term":[{"taxonomy":"category","embeddable":true,"href":"https:\/\/blogdoedvaldomagalhaes.com.br\/index.php\/wp-json\/wp\/v2\/categories?post=2929"},{"taxonomy":"post_tag","embeddable":true,"href":"https:\/\/blogdoedvaldomagalhaes.com.br\/index.php\/wp-json\/wp\/v2\/tags?post=2929"}],"curies":[{"name":"wp","href":"https:\/\/api.w.org\/{rel}","templated":true}]}}