{"id":2928,"date":"2018-03-22T20:53:00","date_gmt":"2018-03-22T23:53:00","guid":{"rendered":"http:\/\/blogdoedvaldomagalhaes.com.br\/index.php\/2018\/03\/22\/agentes-de-transito-e-guardas\/"},"modified":"2019-02-09T02:06:29","modified_gmt":"2019-02-09T04:06:29","slug":"agentes-de-transito-e-guardas","status":"publish","type":"post","link":"https:\/\/blogdoedvaldomagalhaes.com.br\/index.php\/2018\/03\/22\/agentes-de-transito-e-guardas\/","title":{"rendered":"Agentes de Tr\u00e2nsito e Guardas Municipais de Caruaru entram em estado de greve"},"content":{"rendered":"<div class=\"separator\" style=\"clear: both; text-align: center;\">\n<a href=\"https:\/\/4.bp.blogspot.com\/-XCUrcB7pH54\/WrQXYb9v71I\/AAAAAAAAsqk\/XJu7m2rmdBEK3YlzNwglWf8gecjKTbNvgCLcBGAs\/s1600\/copia.jpeg\" imageanchor=\"1\" style=\"margin-left: 1em; margin-right: 1em;\"><img loading=\"lazy\" decoding=\"async\" border=\"0\" data-original-height=\"1280\" data-original-width=\"814\" height=\"640\" src=\"http:\/\/blogdoedvaldomagalhaes.com.br\/wp-content\/uploads\/2018\/03\/copia.jpeg\" width=\"406\" \/><\/a><\/div>\n<div style=\"background-color: white; border: 0px; margin-bottom: 1.5em; outline: 0px; padding: 0px; text-align: justify; vertical-align: baseline;\">\n<\/div>\n<div style=\"background-color: white; border: 0px; margin-bottom: 1.5em; outline: 0px; padding: 0px; text-align: justify; vertical-align: baseline;\">\nA Diretoria Executiva do SISMUC Regional, realizou Assembleia Geral Extraordin\u00e1ria, na manh\u00e3 desta quinta-feira (22), na sede do Sindicato dos Servidores Municipais de Caruaru &#8211; SISMUC, com os Guardas Municipais e Agentes de Tr\u00e2nsito, para avalia\u00e7\u00e3o do resultado da reuni\u00e3o com a mesa permanente de negocia\u00e7\u00e3o da Prefeitura de Caruaru, ocorrida nessa quarta-feira (21).<\/div>\n<div style=\"background-color: white; border: 0px; margin-bottom: 1.5em; outline: 0px; padding: 0px; text-align: justify; vertical-align: baseline;\">\nNa ocasi\u00e3o, o Presidente Eduardo Mendon\u00e7a fez aos Servidores, a leitura da ata da Reuni\u00e3o, ocorrida com a Prefeitura de Caruaru, onde Secret\u00e1rio da Fazenda, Diogo Bezerra informou que as verbas do Munic\u00edpio s\u00e3o unificadas para fins de contabiliza\u00e7\u00e3o, o que impede um reajuste imediato, e pediu mais 15 dias para avaliar um poss\u00edvel reajuste salarial.<\/div>\n<div style=\"background-color: white; border: 0px; margin-bottom: 1.5em; outline: 0px; padding: 0px; text-align: justify; vertical-align: baseline;\">\nA Prefeitura informou que o Plano de Cargos e Carreiras \u2013 PCC, ser\u00e1 debatido em uma comiss\u00e3o elaborada e, estar\u00e3o se reunindo semanalmente para a elabora\u00e7\u00e3o do texto final, afim de submeter \u00e0 mesa, e posteriormente, convocar a categoria para discuss\u00e3o da proposta, para ent\u00e3o, ser submetida a vota\u00e7\u00e3o na C\u00e2mara de Vereadores.<\/div>\n<div style=\"background-color: white; border: 0px; margin-bottom: 1.5em; outline: 0px; padding: 0px; text-align: justify; vertical-align: baseline;\">\nAo final da assembleia, entre o SISMUC e os Servidores, a categoria decidiu, por unanimidade, decretar estado de greve, a partir desta quinta-feira (22).<\/div>\n<div style=\"text-align: justify;\">\n<\/div>\n","protected":false},"excerpt":{"rendered":"<p>A Diretoria Executiva do SISMUC Regional, realizou Assembleia Geral Extraordin\u00e1ria, na manh\u00e3 desta quinta-feira (22), na sede do Sindicato dos&hellip;<\/p>\n","protected":false},"author":1,"featured_media":0,"comment_status":"open","ping_status":"open","sticky":false,"template":"","format":"standard","meta":{"footnotes":""},"categories":[1],"tags":[3235,2,3236,6],"class_list":["post-2928","post","type-post","status-publish","format-standard","hentry","category-sem-categoria","tag-agentes-de-transito-e-guardas-municipais-de-caruaru-entram-em-estado-de-greve","tag-blog-do-edvaldo-magalhaes","tag-eduardo-mendonca","tag-noticias"],"_links":{"self":[{"href":"https:\/\/blogdoedvaldomagalhaes.com.br\/index.php\/wp-json\/wp\/v2\/posts\/2928","targetHints":{"allow":["GET"]}}],"collection":[{"href":"https:\/\/blogdoedvaldomagalhaes.com.br\/index.php\/wp-json\/wp\/v2\/posts"}],"about":[{"href":"https:\/\/blogdoedvaldomagalhaes.com.br\/index.php\/wp-json\/wp\/v2\/types\/post"}],"author":[{"embeddable":true,"href":"https:\/\/blogdoedvaldomagalhaes.com.br\/index.php\/wp-json\/wp\/v2\/users\/1"}],"replies":[{"embeddable":true,"href":"https:\/\/blogdoedvaldomagalhaes.com.br\/index.php\/wp-json\/wp\/v2\/comments?post=2928"}],"version-history":[{"count":1,"href":"https:\/\/blogdoedvaldomagalhaes.com.br\/index.php\/wp-json\/wp\/v2\/posts\/2928\/revisions"}],"predecessor-version":[{"id":29232,"href":"https:\/\/blogdoedvaldomagalhaes.com.br\/index.php\/wp-json\/wp\/v2\/posts\/2928\/revisions\/29232"}],"wp:attachment":[{"href":"https:\/\/blogdoedvaldomagalhaes.com.br\/index.php\/wp-json\/wp\/v2\/media?parent=2928"}],"wp:term":[{"taxonomy":"category","embeddable":true,"href":"https:\/\/blogdoedvaldomagalhaes.com.br\/index.php\/wp-json\/wp\/v2\/categories?post=2928"},{"taxonomy":"post_tag","embeddable":true,"href":"https:\/\/blogdoedvaldomagalhaes.com.br\/index.php\/wp-json\/wp\/v2\/tags?post=2928"}],"curies":[{"name":"wp","href":"https:\/\/api.w.org\/{rel}","templated":true}]}}