{"id":2926,"date":"2018-03-23T02:24:00","date_gmt":"2018-03-23T05:24:00","guid":{"rendered":"http:\/\/blogdoedvaldomagalhaes.com.br\/index.php\/2018\/03\/23\/trabalhadores-sem-teto-ocupa\/"},"modified":"2019-02-09T02:06:33","modified_gmt":"2019-02-09T04:06:33","slug":"trabalhadores-sem-teto-ocupa","status":"publish","type":"post","link":"https:\/\/blogdoedvaldomagalhaes.com.br\/index.php\/2018\/03\/23\/trabalhadores-sem-teto-ocupa\/","title":{"rendered":"Trabalhadores Sem Teto ocupam Secretaria de Agricultura de Caruaru para pedir moradia urbana"},"content":{"rendered":"<div class=\"separator\" style=\"clear: both; text-align: center;\">\n<a href=\"https:\/\/4.bp.blogspot.com\/-fdsXweflhyA\/WrRjir6UfMI\/AAAAAAAAssM\/Xr_BF3g6UtEnTKxtPzeqwDXKXUFQDVW4QCLcBGAs\/s1600\/IMG-20180322-WA0305.jpg\" imageanchor=\"1\" style=\"margin-left: 1em; margin-right: 1em;\"><img loading=\"lazy\" decoding=\"async\" border=\"0\" data-original-height=\"956\" data-original-width=\"1280\" height=\"478\" src=\"http:\/\/blogdoedvaldomagalhaes.com.br\/wp-content\/uploads\/2018\/03\/IMG-20180322-WA0305.jpg\" width=\"640\" \/><\/a><\/div>\n<p><\/p>\n<div class=\"separator\" style=\"clear: both; text-align: center;\">\n<a href=\"https:\/\/4.bp.blogspot.com\/-q2B7_qh5O34\/WrRkclHdCUI\/AAAAAAAAssU\/yUOlWM_CKjIoXtuPibi0eaGUS28MtkRWQCLcBGAs\/s1600\/IMG-20180322-WA0306.jpg\" imageanchor=\"1\" style=\"margin-left: 1em; margin-right: 1em;\"><img loading=\"lazy\" decoding=\"async\" border=\"0\" data-original-height=\"956\" data-original-width=\"1280\" height=\"478\" src=\"http:\/\/blogdoedvaldomagalhaes.com.br\/wp-content\/uploads\/2018\/03\/IMG-20180322-WA0306.jpg\" width=\"640\" \/><\/a><\/div>\n<p><\/p>\n<div style=\"text-align: justify;\">\nOrganizados em comiss\u00e3o, acompanhados pela advogada Michellle Santos e empunhando a bandeira do MST, os Sem Teto ocuparam a Secretaria de Agricultura de Caruaru, na tarde desta quinta-feira (22), solicitaram ao secret\u00e1rio Jos\u00e9 Carlos Menezes que intervisse, atrav\u00e9s da prefeitura, em favor de 160 fam\u00edlias ocupantes de uma \u00e1rea na vila Lagoa da Pedra, periferia de Caruaru, onde ocupam desde 2015.<\/div>\n","protected":false},"excerpt":{"rendered":"<p>Organizados em comiss\u00e3o, acompanhados pela advogada Michellle Santos e empunhando a bandeira do MST, os Sem Teto ocuparam a Secretaria&hellip;<\/p>\n","protected":false},"author":1,"featured_media":0,"comment_status":"open","ping_status":"open","sticky":false,"template":"","format":"standard","meta":{"footnotes":""},"categories":[1],"tags":[2,3232,3233,6,3234],"class_list":["post-2926","post","type-post","status-publish","format-standard","hentry","category-sem-categoria","tag-blog-do-edvaldo-magalhaes","tag-lagoa-de-pedra","tag-michelle-santos","tag-noticias","tag-trabalhadores-sem-teto-ocupam-secretaria-de-agricultura-de-caruaru-para-pedir-moradia-urbana"],"_links":{"self":[{"href":"https:\/\/blogdoedvaldomagalhaes.com.br\/index.php\/wp-json\/wp\/v2\/posts\/2926","targetHints":{"allow":["GET"]}}],"collection":[{"href":"https:\/\/blogdoedvaldomagalhaes.com.br\/index.php\/wp-json\/wp\/v2\/posts"}],"about":[{"href":"https:\/\/blogdoedvaldomagalhaes.com.br\/index.php\/wp-json\/wp\/v2\/types\/post"}],"author":[{"embeddable":true,"href":"https:\/\/blogdoedvaldomagalhaes.com.br\/index.php\/wp-json\/wp\/v2\/users\/1"}],"replies":[{"embeddable":true,"href":"https:\/\/blogdoedvaldomagalhaes.com.br\/index.php\/wp-json\/wp\/v2\/comments?post=2926"}],"version-history":[{"count":1,"href":"https:\/\/blogdoedvaldomagalhaes.com.br\/index.php\/wp-json\/wp\/v2\/posts\/2926\/revisions"}],"predecessor-version":[{"id":29236,"href":"https:\/\/blogdoedvaldomagalhaes.com.br\/index.php\/wp-json\/wp\/v2\/posts\/2926\/revisions\/29236"}],"wp:attachment":[{"href":"https:\/\/blogdoedvaldomagalhaes.com.br\/index.php\/wp-json\/wp\/v2\/media?parent=2926"}],"wp:term":[{"taxonomy":"category","embeddable":true,"href":"https:\/\/blogdoedvaldomagalhaes.com.br\/index.php\/wp-json\/wp\/v2\/categories?post=2926"},{"taxonomy":"post_tag","embeddable":true,"href":"https:\/\/blogdoedvaldomagalhaes.com.br\/index.php\/wp-json\/wp\/v2\/tags?post=2926"}],"curies":[{"name":"wp","href":"https:\/\/api.w.org\/{rel}","templated":true}]}}