{"id":2925,"date":"2018-03-23T10:57:00","date_gmt":"2018-03-23T13:57:00","guid":{"rendered":"http:\/\/blogdoedvaldomagalhaes.com.br\/index.php\/2018\/03\/23\/trabalhadores-em-educacao-permanecem-e\/"},"modified":"2019-02-09T02:06:33","modified_gmt":"2019-02-09T04:06:33","slug":"trabalhadores-em-educacao-permanecem-e","status":"publish","type":"post","link":"https:\/\/blogdoedvaldomagalhaes.com.br\/index.php\/2018\/03\/23\/trabalhadores-em-educacao-permanecem-e\/","title":{"rendered":"Trabalhadores em educa\u00e7\u00e3o permanecem em estado de greve em Pernambuco"},"content":{"rendered":"<div class=\"separator\" style=\"clear: both; text-align: center;\">\n<a href=\"https:\/\/4.bp.blogspot.com\/-WWgEjRqj-fs\/WrTdlNEiPyI\/AAAAAAAAsso\/5JmIdBPyzpw8OcXDkHTePisnROI3uEzNgCLcBGAs\/s1600\/pt.jpg\" imageanchor=\"1\" style=\"margin-left: 1em; margin-right: 1em;\"><img loading=\"lazy\" decoding=\"async\" border=\"0\" data-original-height=\"200\" data-original-width=\"300\" height=\"426\" src=\"http:\/\/blogdoedvaldomagalhaes.com.br\/wp-content\/uploads\/2018\/03\/pt.jpg\" width=\"640\" \/><\/a><\/div>\n<div class=\"separator\" style=\"clear: both; text-align: center;\">\nFoto: Ag\u00eancia Mazella<\/div>\n<div style=\"background-color: white; box-sizing: border-box; line-height: 24px; margin-bottom: 10px; text-align: justify;\">\n<\/div>\n<div style=\"background-color: white; box-sizing: border-box; line-height: 24px; margin-bottom: 10px; text-align: justify;\">\nOs trabalhadores em educa\u00e7\u00e3o de Pernambuco decidiram, em assembleia geral realizada nesta quinta-feira (22), permanecer em estado de greve.<\/div>\n<div style=\"background-color: white; box-sizing: border-box; line-height: 24px; margin-bottom: 10px; text-align: justify;\">\nNa pr\u00f3xima segunda-feira (26) o Sindicato dos Trabalhadores em Educa\u00e7\u00e3o de Pernambuco (Sintepe) sentar\u00e1 novamente \u00e0 mesa com o Governo do Estado. O resultado da negocia\u00e7\u00e3o ser\u00e1 apresentado em uma assembleia geral na ter\u00e7a (27).<\/div>\n<div style=\"background-color: white; box-sizing: border-box; line-height: 24px; margin-bottom: 10px; text-align: justify;\">\nA assembleia dos professores, analistas e t\u00e9cnicos em educa\u00e7\u00e3o teve presen\u00e7a de cerca de dois mil profissionais de todo o Estado.<\/div>\n","protected":false},"excerpt":{"rendered":"<p>Foto: Ag\u00eancia Mazella Os trabalhadores em educa\u00e7\u00e3o de Pernambuco decidiram, em assembleia geral realizada nesta quinta-feira (22), permanecer em estado&hellip;<\/p>\n","protected":false},"author":1,"featured_media":0,"comment_status":"open","ping_status":"open","sticky":false,"template":"","format":"standard","meta":{"footnotes":""},"categories":[1],"tags":[2,6,3231],"class_list":["post-2925","post","type-post","status-publish","format-standard","hentry","category-sem-categoria","tag-blog-do-edvaldo-magalhaes","tag-noticias","tag-trabalhadores-em-educacao-permanecem-em-estado-de-greve-em-pernambuco"],"_links":{"self":[{"href":"https:\/\/blogdoedvaldomagalhaes.com.br\/index.php\/wp-json\/wp\/v2\/posts\/2925","targetHints":{"allow":["GET"]}}],"collection":[{"href":"https:\/\/blogdoedvaldomagalhaes.com.br\/index.php\/wp-json\/wp\/v2\/posts"}],"about":[{"href":"https:\/\/blogdoedvaldomagalhaes.com.br\/index.php\/wp-json\/wp\/v2\/types\/post"}],"author":[{"embeddable":true,"href":"https:\/\/blogdoedvaldomagalhaes.com.br\/index.php\/wp-json\/wp\/v2\/users\/1"}],"replies":[{"embeddable":true,"href":"https:\/\/blogdoedvaldomagalhaes.com.br\/index.php\/wp-json\/wp\/v2\/comments?post=2925"}],"version-history":[{"count":1,"href":"https:\/\/blogdoedvaldomagalhaes.com.br\/index.php\/wp-json\/wp\/v2\/posts\/2925\/revisions"}],"predecessor-version":[{"id":29238,"href":"https:\/\/blogdoedvaldomagalhaes.com.br\/index.php\/wp-json\/wp\/v2\/posts\/2925\/revisions\/29238"}],"wp:attachment":[{"href":"https:\/\/blogdoedvaldomagalhaes.com.br\/index.php\/wp-json\/wp\/v2\/media?parent=2925"}],"wp:term":[{"taxonomy":"category","embeddable":true,"href":"https:\/\/blogdoedvaldomagalhaes.com.br\/index.php\/wp-json\/wp\/v2\/categories?post=2925"},{"taxonomy":"post_tag","embeddable":true,"href":"https:\/\/blogdoedvaldomagalhaes.com.br\/index.php\/wp-json\/wp\/v2\/tags?post=2925"}],"curies":[{"name":"wp","href":"https:\/\/api.w.org\/{rel}","templated":true}]}}