{"id":2924,"date":"2018-03-23T10:59:00","date_gmt":"2018-03-23T13:59:00","guid":{"rendered":"http:\/\/blogdoedvaldomagalhaes.com.br\/index.php\/2018\/03\/23\/bebe-nasce-dentro-de-carro-em-arcoverde\/"},"modified":"2019-02-09T02:06:33","modified_gmt":"2019-02-09T04:06:33","slug":"bebe-nasce-dentro-de-carro-em-arcoverde","status":"publish","type":"post","link":"https:\/\/blogdoedvaldomagalhaes.com.br\/index.php\/2018\/03\/23\/bebe-nasce-dentro-de-carro-em-arcoverde\/","title":{"rendered":"Beb\u00ea nasce dentro de carro em Arcoverde com ajuda de Policiais Militares"},"content":{"rendered":"<div class=\"separator\" style=\"clear: both; text-align: center;\">\n<a href=\"https:\/\/3.bp.blogspot.com\/-wdp9srQ25UA\/WrTeBJfSgZI\/AAAAAAAAsss\/NsF8f-qGGEggUIT791YwePFd9V3ak-NlgCLcBGAs\/s1600\/bb.jpg\" imageanchor=\"1\" style=\"margin-left: 1em; margin-right: 1em;\"><img loading=\"lazy\" decoding=\"async\" border=\"0\" data-original-height=\"550\" data-original-width=\"768\" height=\"458\" src=\"http:\/\/blogdoedvaldomagalhaes.com.br\/wp-content\/uploads\/2018\/03\/bb.jpg\" width=\"640\" \/><\/a><\/div>\n<div style=\"background-color: white; box-sizing: border-box; line-height: 24px; margin-bottom: 10px; text-align: justify;\">\n<\/div>\n<div style=\"background-color: white; box-sizing: border-box; line-height: 24px; margin-bottom: 10px; text-align: justify;\">\nPoliciais militares do 3\u00ba BPM, com sede em Arcoverde, no Sert\u00e3o pernambucano, tiveram um dia diferente nesta quinta-feira (22). Eles tiveram participa\u00e7\u00e3o direta, colaborando de forma decisiva, no nascimento de um beb\u00ea.<\/div>\n<div style=\"background-color: white; box-sizing: border-box; line-height: 24px; margin-bottom: 10px; text-align: justify;\">\nA equipe realizava rondas de rotina na Avenida Jos\u00e9 de Oliveira Calado,&nbsp; quando um Fiat Uno parou bruscamente. O policiamento foi verificar o que estava acontecendo, quando a motorista, muito tensa, explicou que a passageira estava em trabalho de parto.<\/div>\n<div style=\"background-color: white; box-sizing: border-box; line-height: 24px; margin-bottom: 10px; text-align: justify;\">\nDiante do nervosismo da condutora, o policial In\u00e1cio assumiu o volante em dire\u00e7\u00e3o ao Hospital Regional de Arcoverde. Para que a parturiente se acalmasse, o policial ao mesmo tempo em que dirigia o ve\u00edculo, ia orientando a mam\u00e3e a realizar alguns procedimentos que facilitariam o parto, momento em que a crian\u00e7a nasceu ali mesmo, dentro do ve\u00edculo.<\/div>\n<div style=\"background-color: white; box-sizing: border-box; line-height: 24px; margin-bottom: 10px; text-align: justify;\">\nA m\u00e3e e a crian\u00e7a, o pequeno Etelvino T\u00e9cio, receberam os cuidados m\u00e9dicos da equipe do hospital e passam bem. No final da tarde, os policiais envolvidos foram visitar o beb\u00ea.<\/div>\n","protected":false},"excerpt":{"rendered":"<p>Policiais militares do 3\u00ba BPM, com sede em Arcoverde, no Sert\u00e3o pernambucano, tiveram um dia diferente nesta quinta-feira (22). Eles&hellip;<\/p>\n","protected":false},"author":1,"featured_media":0,"comment_status":"open","ping_status":"open","sticky":false,"template":"","format":"standard","meta":{"footnotes":""},"categories":[1],"tags":[3230,2,6],"class_list":["post-2924","post","type-post","status-publish","format-standard","hentry","category-sem-categoria","tag-bebe-nasce-dentro-de-carro-em-arcoverde-com-ajuda-de-policiais-militares","tag-blog-do-edvaldo-magalhaes","tag-noticias"],"_links":{"self":[{"href":"https:\/\/blogdoedvaldomagalhaes.com.br\/index.php\/wp-json\/wp\/v2\/posts\/2924","targetHints":{"allow":["GET"]}}],"collection":[{"href":"https:\/\/blogdoedvaldomagalhaes.com.br\/index.php\/wp-json\/wp\/v2\/posts"}],"about":[{"href":"https:\/\/blogdoedvaldomagalhaes.com.br\/index.php\/wp-json\/wp\/v2\/types\/post"}],"author":[{"embeddable":true,"href":"https:\/\/blogdoedvaldomagalhaes.com.br\/index.php\/wp-json\/wp\/v2\/users\/1"}],"replies":[{"embeddable":true,"href":"https:\/\/blogdoedvaldomagalhaes.com.br\/index.php\/wp-json\/wp\/v2\/comments?post=2924"}],"version-history":[{"count":1,"href":"https:\/\/blogdoedvaldomagalhaes.com.br\/index.php\/wp-json\/wp\/v2\/posts\/2924\/revisions"}],"predecessor-version":[{"id":29240,"href":"https:\/\/blogdoedvaldomagalhaes.com.br\/index.php\/wp-json\/wp\/v2\/posts\/2924\/revisions\/29240"}],"wp:attachment":[{"href":"https:\/\/blogdoedvaldomagalhaes.com.br\/index.php\/wp-json\/wp\/v2\/media?parent=2924"}],"wp:term":[{"taxonomy":"category","embeddable":true,"href":"https:\/\/blogdoedvaldomagalhaes.com.br\/index.php\/wp-json\/wp\/v2\/categories?post=2924"},{"taxonomy":"post_tag","embeddable":true,"href":"https:\/\/blogdoedvaldomagalhaes.com.br\/index.php\/wp-json\/wp\/v2\/tags?post=2924"}],"curies":[{"name":"wp","href":"https:\/\/api.w.org\/{rel}","templated":true}]}}