{"id":2920,"date":"2018-03-23T15:58:00","date_gmt":"2018-03-23T18:58:00","guid":{"rendered":"http:\/\/blogdoedvaldomagalhaes.com.br\/index.php\/2018\/03\/23\/secretaria-estadual-de-saude-alerta\/"},"modified":"2019-02-09T02:06:34","modified_gmt":"2019-02-09T04:06:34","slug":"secretaria-estadual-de-saude-alerta","status":"publish","type":"post","link":"https:\/\/blogdoedvaldomagalhaes.com.br\/index.php\/2018\/03\/23\/secretaria-estadual-de-saude-alerta\/","title":{"rendered":"Secretaria Estadual de Sa\u00fade alerta sobre import\u00e2ncia da vacina\u00e7\u00e3o contra sarampo"},"content":{"rendered":"<div class=\"separator\" style=\"clear: both; text-align: center;\">\n<a href=\"https:\/\/3.bp.blogspot.com\/-bf5C68GoOtY\/WrUkI3-7vJI\/AAAAAAAAstc\/WSlU_tcDCYwqtcHJ0vx6EJIEjo3NNSPhwCLcBGAs\/s1600\/vacina.jpg\" imageanchor=\"1\" style=\"margin-left: 1em; margin-right: 1em;\"><img loading=\"lazy\" decoding=\"async\" border=\"0\" data-original-height=\"366\" data-original-width=\"700\" height=\"334\" src=\"http:\/\/blogdoedvaldomagalhaes.com.br\/wp-content\/uploads\/2018\/03\/vacina.jpg\" width=\"640\" \/><\/a><\/div>\n<div style=\"background-color: white; box-sizing: border-box; line-height: 24px; margin-bottom: 10px; text-align: justify;\">\n<\/div>\n<div style=\"background-color: white; box-sizing: border-box; line-height: 24px; margin-bottom: 10px; text-align: justify;\">\nDesde 2014, Pernambuco n\u00e3o registra casos de sarampo, doen\u00e7a infecciosa aguda, extremamente contagiosa e que possui vacina disponibilizada gratuitamente pelo Sistema \u00danico de Sa\u00fade (SUS).&nbsp; No mundo, em 2018, a Organiza\u00e7\u00e3o Mundial de Sa\u00fade (OMS) j\u00e1 confirma casos principalmente em pa\u00edses do continente europeu e africano.<\/div>\n<div style=\"background-color: white; box-sizing: border-box; line-height: 24px; margin-bottom: 10px; text-align: justify;\">\nNo Brasil, 18 casos j\u00e1 foram confirmados em Roraima, estado que faz divisa com a Venezuela. Por isso, a Secretaria de Sa\u00fade de Pernambuco est\u00e1 refor\u00e7ando com os munic\u00edpios e a popula\u00e7\u00e3o em geral a import\u00e2ncia de intensificar as a\u00e7\u00f5es de imuniza\u00e7\u00e3o para que os pernambucanos atualizem sua situa\u00e7\u00e3o vacinal e, assim, evitem a reintrodu\u00e7\u00e3o do v\u00edrus no Estado.<\/div>\n<div style=\"background-color: white; box-sizing: border-box; line-height: 24px; margin-bottom: 10px; text-align: justify;\">\nPara evitar o sarampo, a indica\u00e7\u00e3o \u00e9 utilizar a vacina tr\u00edplice viral, que evita tamb\u00e9m a rub\u00e9ola e a caxumba. A vacina tr\u00edplice viral deve ser aplicada em crian\u00e7as com 12 meses, com um refor\u00e7o aos 15 meses com a tetra viral (sarampo, caxumba, rub\u00e9ola e varicela).<\/div>\n<div style=\"background-color: white; box-sizing: border-box; line-height: 24px; margin-bottom: 10px; text-align: justify;\">\nPara crian\u00e7as acima de 2 anos, al\u00e9m de jovens e adultos at\u00e9 os 29 anos, n\u00e3o vacinadas anteriormente ou que n\u00e3o se lembram, devem ser feitas 2 doses da tr\u00edplice viral, com intervalo de 30 dias entre elas. Adultos entre 30 e 49 anos (n\u00e3o imunizados ou que n\u00e3o lembram) devem tomar uma dose da tr\u00edplice.<\/div>\n<div style=\"background-color: white; box-sizing: border-box; line-height: 24px; margin-bottom: 10px; text-align: justify;\">\nProfissionais de sa\u00fade n\u00e3o vacinados devem tomar duas doses com a vacina tr\u00edplice viral, independente da idade. \u00c9 importante que a popula\u00e7\u00e3o v\u00e1 a um posto de sa\u00fade, munido da caderneta de vacina\u00e7\u00e3o, para saber se \u00e9 preciso fazer a atualiza\u00e7\u00e3o de alguma dose.<\/div>\n<div style=\"background-color: white; box-sizing: border-box; line-height: 24px; margin-bottom: 10px; text-align: justify;\">\nO sarampo \u00e9 uma doen\u00e7a que causa febre e manchas vermelhas no corpo, acompanhado de um ou mais dos seguintes sintomas: tosse, coriza ou conjuntivite. Caso haja esses sinais, \u00e9 importante procurar imediatamente uma unidade de sa\u00fade.<\/div>\n<div style=\"background-color: white; box-sizing: border-box; line-height: 24px; margin-bottom: 10px; text-align: justify;\">\nEm Pernambuco, foram registrados 199 casos de sarampo em 2013 e 27 em 2014, al\u00e9m de um caso importado em 2012. Anteriormente, o \u00faltimo registro tinha sido em 1999.<\/div>\n","protected":false},"excerpt":{"rendered":"<p>Desde 2014, Pernambuco n\u00e3o registra casos de sarampo, doen\u00e7a infecciosa aguda, extremamente contagiosa e que possui vacina disponibilizada gratuitamente pelo&hellip;<\/p>\n","protected":false},"author":1,"featured_media":0,"comment_status":"open","ping_status":"open","sticky":false,"template":"","format":"standard","meta":{"footnotes":""},"categories":[1],"tags":[2,6,3226],"class_list":["post-2920","post","type-post","status-publish","format-standard","hentry","category-sem-categoria","tag-blog-do-edvaldo-magalhaes","tag-noticias","tag-secretaria-estadual-de-saude-alerta-sobre-importancia-da-vacinacao-contra-sarampo"],"_links":{"self":[{"href":"https:\/\/blogdoedvaldomagalhaes.com.br\/index.php\/wp-json\/wp\/v2\/posts\/2920","targetHints":{"allow":["GET"]}}],"collection":[{"href":"https:\/\/blogdoedvaldomagalhaes.com.br\/index.php\/wp-json\/wp\/v2\/posts"}],"about":[{"href":"https:\/\/blogdoedvaldomagalhaes.com.br\/index.php\/wp-json\/wp\/v2\/types\/post"}],"author":[{"embeddable":true,"href":"https:\/\/blogdoedvaldomagalhaes.com.br\/index.php\/wp-json\/wp\/v2\/users\/1"}],"replies":[{"embeddable":true,"href":"https:\/\/blogdoedvaldomagalhaes.com.br\/index.php\/wp-json\/wp\/v2\/comments?post=2920"}],"version-history":[{"count":1,"href":"https:\/\/blogdoedvaldomagalhaes.com.br\/index.php\/wp-json\/wp\/v2\/posts\/2920\/revisions"}],"predecessor-version":[{"id":29248,"href":"https:\/\/blogdoedvaldomagalhaes.com.br\/index.php\/wp-json\/wp\/v2\/posts\/2920\/revisions\/29248"}],"wp:attachment":[{"href":"https:\/\/blogdoedvaldomagalhaes.com.br\/index.php\/wp-json\/wp\/v2\/media?parent=2920"}],"wp:term":[{"taxonomy":"category","embeddable":true,"href":"https:\/\/blogdoedvaldomagalhaes.com.br\/index.php\/wp-json\/wp\/v2\/categories?post=2920"},{"taxonomy":"post_tag","embeddable":true,"href":"https:\/\/blogdoedvaldomagalhaes.com.br\/index.php\/wp-json\/wp\/v2\/tags?post=2920"}],"curies":[{"name":"wp","href":"https:\/\/api.w.org\/{rel}","templated":true}]}}