{"id":2919,"date":"2018-03-23T19:07:00","date_gmt":"2018-03-23T22:07:00","guid":{"rendered":"http:\/\/blogdoedvaldomagalhaes.com.br\/index.php\/2018\/03\/23\/contran-suspende-inicio-da-implantacao\/"},"modified":"2019-02-09T02:06:35","modified_gmt":"2019-02-09T04:06:35","slug":"contran-suspende-inicio-da-implantacao","status":"publish","type":"post","link":"https:\/\/blogdoedvaldomagalhaes.com.br\/index.php\/2018\/03\/23\/contran-suspende-inicio-da-implantacao\/","title":{"rendered":"CONTRAN suspende in\u00edcio da implanta\u00e7\u00e3o de novo padr\u00e3o de placas para ve\u00edculos"},"content":{"rendered":"<div class=\"separator\" style=\"clear: both; text-align: center;\">\n<a href=\"https:\/\/2.bp.blogspot.com\/-6Gmcj6Jpe_I\/WrVQCPotmHI\/AAAAAAAAst0\/vHb4CI32EB4MQtfSDJWJjcqTSwhFsrC9ACLcBGAs\/s1600\/placa.jpg\" imageanchor=\"1\" style=\"margin-left: 1em; margin-right: 1em;\"><img loading=\"lazy\" decoding=\"async\" border=\"0\" data-original-height=\"427\" data-original-width=\"640\" height=\"426\" src=\"http:\/\/blogdoedvaldomagalhaes.com.br\/wp-content\/uploads\/2018\/03\/placa.jpg\" width=\"640\" \/><\/a><\/div>\n<div style=\"text-align: justify;\">\n<\/div>\n<div style=\"text-align: justify;\">\nConselho Nacional de Tr\u00e2nsito, Contran, suspendeu por 60 dias o in\u00edcio da implanta\u00e7\u00e3o do novo padr\u00e3o de placas de ve\u00edculos do padr\u00e3o Mercosul. A decis\u00e3o foi publicada no Di\u00e1rio Oficial desta sexta-feira,23.&nbsp;As placas do padr\u00e3o Mercosul foram anunciadas em&nbsp;dezembro de 2014. Elas j\u00e1 s\u00e3o usadas na Argentina, e deveriam ter entrado em vigor por aqui em janeiro de 2016. No entanto, o governo adiou duas vezes. O prazo mais recente para o in\u00edcio da implanta\u00e7\u00e3o das placas era 1\u00ba de setembro,&nbsp;conforme resolu\u00e7\u00e3o publicada em 8 de mar\u00e7o.&nbsp;<\/div>\n<div style=\"text-align: justify;\">\n<\/div>\n<div style=\"text-align: justify;\">\nDe acordo com o diretor do Denatran, Maur\u00edcio Alves, a medida foi tomada atendendo a pedido das empresas que estampam as placas.&nbsp; O Minist\u00e9rio P\u00fablico Federal (MPF) do Amazonas instaurou inqu\u00e9rito para&nbsp;apurar supostas irregularidades na resolu\u00e7\u00e3o que determina a implanta\u00e7\u00e3o das placas do Mercosul no Brasil. O objetivo do inqu\u00e9rito civil, de acordo com o MPF, \u00e9 apurar se foram cometidas irregularidades em benef\u00edcio de determinadas empresas de emplacamento e em preju\u00edzo dos consumidores propriet\u00e1rios de ve\u00edculos.<\/div>\n","protected":false},"excerpt":{"rendered":"<p>Conselho Nacional de Tr\u00e2nsito, Contran, suspendeu por 60 dias o in\u00edcio da implanta\u00e7\u00e3o do novo padr\u00e3o de placas de ve\u00edculos&hellip;<\/p>\n","protected":false},"author":1,"featured_media":0,"comment_status":"open","ping_status":"open","sticky":false,"template":"","format":"standard","meta":{"footnotes":""},"categories":[1],"tags":[2,3225,6],"class_list":["post-2919","post","type-post","status-publish","format-standard","hentry","category-sem-categoria","tag-blog-do-edvaldo-magalhaes","tag-contran-suspende-inicio-da-implantacao-de-novo-padrao-de-placas-para-veiculos","tag-noticias"],"_links":{"self":[{"href":"https:\/\/blogdoedvaldomagalhaes.com.br\/index.php\/wp-json\/wp\/v2\/posts\/2919","targetHints":{"allow":["GET"]}}],"collection":[{"href":"https:\/\/blogdoedvaldomagalhaes.com.br\/index.php\/wp-json\/wp\/v2\/posts"}],"about":[{"href":"https:\/\/blogdoedvaldomagalhaes.com.br\/index.php\/wp-json\/wp\/v2\/types\/post"}],"author":[{"embeddable":true,"href":"https:\/\/blogdoedvaldomagalhaes.com.br\/index.php\/wp-json\/wp\/v2\/users\/1"}],"replies":[{"embeddable":true,"href":"https:\/\/blogdoedvaldomagalhaes.com.br\/index.php\/wp-json\/wp\/v2\/comments?post=2919"}],"version-history":[{"count":1,"href":"https:\/\/blogdoedvaldomagalhaes.com.br\/index.php\/wp-json\/wp\/v2\/posts\/2919\/revisions"}],"predecessor-version":[{"id":29250,"href":"https:\/\/blogdoedvaldomagalhaes.com.br\/index.php\/wp-json\/wp\/v2\/posts\/2919\/revisions\/29250"}],"wp:attachment":[{"href":"https:\/\/blogdoedvaldomagalhaes.com.br\/index.php\/wp-json\/wp\/v2\/media?parent=2919"}],"wp:term":[{"taxonomy":"category","embeddable":true,"href":"https:\/\/blogdoedvaldomagalhaes.com.br\/index.php\/wp-json\/wp\/v2\/categories?post=2919"},{"taxonomy":"post_tag","embeddable":true,"href":"https:\/\/blogdoedvaldomagalhaes.com.br\/index.php\/wp-json\/wp\/v2\/tags?post=2919"}],"curies":[{"name":"wp","href":"https:\/\/api.w.org\/{rel}","templated":true}]}}