{"id":2905,"date":"2018-03-25T22:38:00","date_gmt":"2018-03-26T01:38:00","guid":{"rendered":"http:\/\/blogdoedvaldomagalhaes.com.br\/index.php\/2018\/03\/25\/atores-dancam-forro-apos-encenacao-da\/"},"modified":"2019-02-09T02:06:48","modified_gmt":"2019-02-09T04:06:48","slug":"atores-dancam-forro-apos-encenacao-da","status":"publish","type":"post","link":"https:\/\/blogdoedvaldomagalhaes.com.br\/index.php\/2018\/03\/25\/atores-dancam-forro-apos-encenacao-da\/","title":{"rendered":"Atores dan\u00e7am forr\u00f3 ap\u00f3s encena\u00e7\u00e3o da Paix\u00e3o da Cristo em Nova Jerusal\u00e9m"},"content":{"rendered":"<div class=\"separator\" style=\"clear: both; text-align: center;\">\n<a href=\"https:\/\/2.bp.blogspot.com\/-EyIMcckw7PI\/WrgkYdzGhEI\/AAAAAAAAsz8\/fh6yu7EeVosISYuytQhMgkr2wFHKn7d-wCLcBGAs\/s1600\/1.JPG\" imageanchor=\"1\" style=\"margin-left: 1em; margin-right: 1em;\"><img loading=\"lazy\" decoding=\"async\" border=\"0\" data-original-height=\"683\" data-original-width=\"1024\" height=\"426\" src=\"http:\/\/blogdoedvaldomagalhaes.com.br\/wp-content\/uploads\/2018\/03\/1-9.jpg\" width=\"640\" \/><\/a><\/div>\n<p><\/p>\n<div class=\"separator\" style=\"clear: both; text-align: center;\">\n<a href=\"https:\/\/4.bp.blogspot.com\/-LAqYVPYhP_w\/WrgkZdIpsDI\/AAAAAAAAs0A\/9Eyzv1ZGXnEdPBWjDaP17EnKoahcM7G1ACLcBGAs\/s1600\/2.JPG\" imageanchor=\"1\" style=\"margin-left: 1em; margin-right: 1em;\"><img loading=\"lazy\" decoding=\"async\" border=\"0\" data-original-height=\"683\" data-original-width=\"1024\" height=\"426\" src=\"http:\/\/blogdoedvaldomagalhaes.com.br\/wp-content\/uploads\/2018\/03\/2-7.jpg\" width=\"640\" \/><\/a><\/div>\n<p><\/p>\n<div class=\"separator\" style=\"clear: both; text-align: center;\">\n<a href=\"https:\/\/4.bp.blogspot.com\/-ccH1T9wXtJw\/Wrgka41cxYI\/AAAAAAAAs0E\/_Kdp4jwKVdQHbefy8zzdTlMyNRtOsFIFACLcBGAs\/s1600\/3.JPG\" imageanchor=\"1\" style=\"margin-left: 1em; margin-right: 1em;\"><img loading=\"lazy\" decoding=\"async\" border=\"0\" data-original-height=\"683\" data-original-width=\"1024\" height=\"426\" src=\"http:\/\/blogdoedvaldomagalhaes.com.br\/wp-content\/uploads\/2018\/03\/3-2.jpg\" width=\"640\" \/><\/a><\/div>\n<p><\/p>\n<div class=\"separator\" style=\"clear: both; text-align: center;\">\n<a href=\"https:\/\/4.bp.blogspot.com\/-6UWSoVu_b08\/Wrgkbjo3_TI\/AAAAAAAAs0I\/I2Z-QlO5DMIc_qAYnFDrzvyEOhPyJ1DqgCLcBGAs\/s1600\/4.JPG\" imageanchor=\"1\" style=\"margin-left: 1em; margin-right: 1em;\"><img loading=\"lazy\" decoding=\"async\" border=\"0\" data-original-height=\"683\" data-original-width=\"1024\" height=\"426\" src=\"http:\/\/blogdoedvaldomagalhaes.com.br\/wp-content\/uploads\/2018\/03\/4-3.jpg\" width=\"640\" \/><\/a><\/div>\n<p><\/p>\n<div class=\"separator\" style=\"clear: both; text-align: center;\">\n<a href=\"https:\/\/3.bp.blogspot.com\/-uYdI9rC3EEY\/Wrgkce_XoCI\/AAAAAAAAs0M\/KGRllxlsz1EGbXQ4BA4rbbfF3XE6JzLKQCLcBGAs\/s1600\/5.JPG\" imageanchor=\"1\" style=\"margin-left: 1em; margin-right: 1em;\"><img loading=\"lazy\" decoding=\"async\" border=\"0\" data-original-height=\"683\" data-original-width=\"1024\" height=\"426\" src=\"http:\/\/blogdoedvaldomagalhaes.com.br\/wp-content\/uploads\/2018\/03\/5-2.jpg\" width=\"640\" \/><\/a><\/div>\n<p><\/p>\n<div class=\"separator\" style=\"clear: both; text-align: center;\">\n<a href=\"https:\/\/1.bp.blogspot.com\/-NwOIaTxVfvI\/WrgkdBruoiI\/AAAAAAAAs0Q\/-QPYv3kBXfQd83pTTO-3y0pCLBh7sWT7QCLcBGAs\/s1600\/6.JPG\" imageanchor=\"1\" style=\"margin-left: 1em; margin-right: 1em;\"><img loading=\"lazy\" decoding=\"async\" border=\"0\" data-original-height=\"683\" data-original-width=\"1024\" height=\"426\" src=\"http:\/\/blogdoedvaldomagalhaes.com.br\/wp-content\/uploads\/2018\/03\/6-1.jpg\" width=\"640\" \/><\/a><\/div>\n<p><\/p>\n<div class=\"separator\" style=\"clear: both; text-align: center;\">\n<a href=\"https:\/\/2.bp.blogspot.com\/-6r--YgoIFHE\/Wrgkeg9SAMI\/AAAAAAAAs0U\/qPGY24z4lDodpexVu-N9qlHBbiUN9YqsgCLcBGAs\/s1600\/7.JPG\" imageanchor=\"1\" style=\"margin-left: 1em; margin-right: 1em;\"><img loading=\"lazy\" decoding=\"async\" border=\"0\" data-original-height=\"683\" data-original-width=\"1024\" height=\"426\" src=\"http:\/\/blogdoedvaldomagalhaes.com.br\/wp-content\/uploads\/2018\/03\/7-1.jpg\" width=\"640\" \/><\/a><\/div>\n<p><\/p>\n<div class=\"separator\" style=\"clear: both; text-align: center;\">\n<a href=\"https:\/\/2.bp.blogspot.com\/-_cfx1PTOW3E\/WrgkflmwOyI\/AAAAAAAAs0Y\/lRCJ4aTJH1oGPP2RtqPpjAzjTnuw5Il8wCLcBGAs\/s1600\/9.JPG\" imageanchor=\"1\" style=\"margin-left: 1em; margin-right: 1em;\"><img loading=\"lazy\" decoding=\"async\" border=\"0\" data-original-height=\"683\" data-original-width=\"1024\" height=\"426\" src=\"http:\/\/blogdoedvaldomagalhaes.com.br\/wp-content\/uploads\/2018\/03\/9-1.jpg\" width=\"640\" \/><\/a><\/div>\n<div class=\"separator\" style=\"clear: both; text-align: center;\">\n<\/div>\n<div class=\"separator\" style=\"clear: both; text-align: center;\">\n<a href=\"https:\/\/3.bp.blogspot.com\/-1ijwG2VNh6o\/Wrgl7I2mhBI\/AAAAAAAAs00\/gLkPzp9k5BUyeEhzcLyi1mlfo_5F2OQYwCLcBGAs\/s1600\/11.JPG\" imageanchor=\"1\" style=\"margin-left: 1em; margin-right: 1em;\"><img loading=\"lazy\" decoding=\"async\" border=\"0\" data-original-height=\"683\" data-original-width=\"1024\" height=\"426\" src=\"http:\/\/blogdoedvaldomagalhaes.com.br\/wp-content\/uploads\/2018\/03\/11-1.jpg\" width=\"640\" \/><\/a><\/div>\n<div style=\"background-color: white; text-align: justify;\">\nA madrugada deste domingo (25), na cidade teatro de Nova Jerusal\u00e9m foi de festa. Ap\u00f3s apresenta\u00e7\u00e3o da 51\u00aa Paix\u00e3o de Cristo, o elenco caiu no passo do forr\u00f3 at\u00e9 o dia raia.<\/div>\n<div style=\"background-color: white; text-align: justify;\">\n<\/div>\n<div style=\"background-color: white; text-align: justify;\">\nRenato G\u00f3es, que da vida \u00e0 Jesus, recebeu o carinho do pai. J\u00e1 a modelo e atriz Nicole Balhs mostrou que sabe dan\u00e7ar muito bem o ritmo nordestino com Tonico Pereira, que tamb\u00e9m esticou o passo com Marina Pacheco e Fabiana Pirro, vibrou ao som de Silveiro Pessoa e Z\u00e9 Barbosa. Xuruca e Tici Pacheco eram umas das mais animadas na noite.<\/div>\n","protected":false},"excerpt":{"rendered":"<p>A madrugada deste domingo (25), na cidade teatro de Nova Jerusal\u00e9m foi de festa. Ap\u00f3s apresenta\u00e7\u00e3o da 51\u00aa Paix\u00e3o de&hellip;<\/p>\n","protected":false},"author":1,"featured_media":0,"comment_status":"open","ping_status":"open","sticky":false,"template":"","format":"standard","meta":{"footnotes":""},"categories":[1],"tags":[3206,2,3207,1842,3208,6,3209,3210],"class_list":["post-2905","post","type-post","status-publish","format-standard","hentry","category-sem-categoria","tag-atores-dancam-forro-apos-encenacao-da-paixao-da-cristo-em-nova-jerusalem","tag-blog-do-edvaldo-magalhaes","tag-fabiana-pirro","tag-marina-pacheco","tag-nicole-bahls","tag-noticias","tag-renato-goes","tag-tonico-pereira"],"_links":{"self":[{"href":"https:\/\/blogdoedvaldomagalhaes.com.br\/index.php\/wp-json\/wp\/v2\/posts\/2905","targetHints":{"allow":["GET"]}}],"collection":[{"href":"https:\/\/blogdoedvaldomagalhaes.com.br\/index.php\/wp-json\/wp\/v2\/posts"}],"about":[{"href":"https:\/\/blogdoedvaldomagalhaes.com.br\/index.php\/wp-json\/wp\/v2\/types\/post"}],"author":[{"embeddable":true,"href":"https:\/\/blogdoedvaldomagalhaes.com.br\/index.php\/wp-json\/wp\/v2\/users\/1"}],"replies":[{"embeddable":true,"href":"https:\/\/blogdoedvaldomagalhaes.com.br\/index.php\/wp-json\/wp\/v2\/comments?post=2905"}],"version-history":[{"count":1,"href":"https:\/\/blogdoedvaldomagalhaes.com.br\/index.php\/wp-json\/wp\/v2\/posts\/2905\/revisions"}],"predecessor-version":[{"id":29289,"href":"https:\/\/blogdoedvaldomagalhaes.com.br\/index.php\/wp-json\/wp\/v2\/posts\/2905\/revisions\/29289"}],"wp:attachment":[{"href":"https:\/\/blogdoedvaldomagalhaes.com.br\/index.php\/wp-json\/wp\/v2\/media?parent=2905"}],"wp:term":[{"taxonomy":"category","embeddable":true,"href":"https:\/\/blogdoedvaldomagalhaes.com.br\/index.php\/wp-json\/wp\/v2\/categories?post=2905"},{"taxonomy":"post_tag","embeddable":true,"href":"https:\/\/blogdoedvaldomagalhaes.com.br\/index.php\/wp-json\/wp\/v2\/tags?post=2905"}],"curies":[{"name":"wp","href":"https:\/\/api.w.org\/{rel}","templated":true}]}}