{"id":2901,"date":"2018-03-26T10:47:00","date_gmt":"2018-03-26T13:47:00","guid":{"rendered":"http:\/\/blogdoedvaldomagalhaes.com.br\/index.php\/2018\/03\/26\/incendio-atinge-oficina-mecanica-e\/"},"modified":"2019-02-09T02:06:49","modified_gmt":"2019-02-09T04:06:49","slug":"incendio-atinge-oficina-mecanica-e","status":"publish","type":"post","link":"https:\/\/blogdoedvaldomagalhaes.com.br\/index.php\/2018\/03\/26\/incendio-atinge-oficina-mecanica-e\/","title":{"rendered":"Inc\u00eandio atinge oficina mec\u00e2nica em Santa Cruz do Capibaribe"},"content":{"rendered":"<div class=\"separator\" style=\"clear: both; text-align: center;\">\n<a href=\"https:\/\/2.bp.blogspot.com\/-nXxBti8rZ-4\/WrjPnErtTtI\/AAAAAAAAs14\/GBzn61c6cKQwe9ZYZZy4OCPhRmuWBxypQCLcBGAs\/s1600\/foto.jpeg\" imageanchor=\"1\" style=\"margin-left: 1em; margin-right: 1em;\"><img loading=\"lazy\" decoding=\"async\" border=\"0\" data-original-height=\"193\" data-original-width=\"300\" height=\"411\" src=\"http:\/\/blogdoedvaldomagalhaes.com.br\/wp-content\/uploads\/2018\/03\/foto-3.jpeg\" width=\"640\" \/><\/a><\/div>\n<div style=\"background-color: white; box-sizing: border-box; line-height: 24px; margin-bottom: 10px; text-align: center;\">\nFotos: Jabson Nunes\/Blog do Ney Lima<\/div>\n<div style=\"background-color: white; box-sizing: border-box; line-height: 24px; margin-bottom: 10px; text-align: justify;\">\nUm inc\u00eandio atingiu uma oficina mec\u00e2nica na noite deste domingo (25), em Santa Cruz do Capibaribe, no bairro Nova Santa Cruz. O propriet\u00e1rio n\u00e3o se encontrava no local.<\/div>\n<div style=\"background-color: white; box-sizing: border-box; line-height: 24px; margin-bottom: 10px; text-align: justify;\">\nOs vizinhos perceberam a fuma\u00e7a, arrombaram a porta e jogaram \u00e1gua para tentar conter as chamas at\u00e9 a chegada do Corpo de Bombeiros.<\/p>\n<div class=\"separator\" style=\"clear: both; text-align: center;\">\n<a href=\"https:\/\/2.bp.blogspot.com\/-IRcDu5nWclE\/WrjQf5TrZ_I\/AAAAAAAAs2E\/5JOS7FCqsjYJX7BNrGKpeC0_uOr2pCCkgCLcBGAs\/s1600\/cb.jpeg\" imageanchor=\"1\" style=\"margin-left: 1em; margin-right: 1em;\"><img loading=\"lazy\" decoding=\"async\" border=\"0\" data-original-height=\"836\" data-original-width=\"1000\" height=\"534\" src=\"http:\/\/blogdoedvaldomagalhaes.com.br\/wp-content\/uploads\/2018\/03\/cb.jpeg\" width=\"640\" \/><\/a><\/div>\n<p><\/div>\n<div style=\"background-color: white; box-sizing: border-box; line-height: 24px; margin-bottom: 10px; text-align: justify;\">\nA oficina ficou parcialmente destru\u00edda. Uma motocicleta ficou totalmente queimada. Um curto circuito pode ter provocado o inc\u00eandio.<\/div>\n","protected":false},"excerpt":{"rendered":"<p>Fotos: Jabson Nunes\/Blog do Ney Lima Um inc\u00eandio atingiu uma oficina mec\u00e2nica na noite deste domingo (25), em Santa Cruz&hellip;<\/p>\n","protected":false},"author":1,"featured_media":0,"comment_status":"open","ping_status":"open","sticky":false,"template":"","format":"standard","meta":{"footnotes":""},"categories":[1],"tags":[2,3203,6],"class_list":["post-2901","post","type-post","status-publish","format-standard","hentry","category-sem-categoria","tag-blog-do-edvaldo-magalhaes","tag-incendio-atinge-oficina-mecanica-em-santa-cruz-do-capibaribe","tag-noticias"],"_links":{"self":[{"href":"https:\/\/blogdoedvaldomagalhaes.com.br\/index.php\/wp-json\/wp\/v2\/posts\/2901","targetHints":{"allow":["GET"]}}],"collection":[{"href":"https:\/\/blogdoedvaldomagalhaes.com.br\/index.php\/wp-json\/wp\/v2\/posts"}],"about":[{"href":"https:\/\/blogdoedvaldomagalhaes.com.br\/index.php\/wp-json\/wp\/v2\/types\/post"}],"author":[{"embeddable":true,"href":"https:\/\/blogdoedvaldomagalhaes.com.br\/index.php\/wp-json\/wp\/v2\/users\/1"}],"replies":[{"embeddable":true,"href":"https:\/\/blogdoedvaldomagalhaes.com.br\/index.php\/wp-json\/wp\/v2\/comments?post=2901"}],"version-history":[{"count":1,"href":"https:\/\/blogdoedvaldomagalhaes.com.br\/index.php\/wp-json\/wp\/v2\/posts\/2901\/revisions"}],"predecessor-version":[{"id":29298,"href":"https:\/\/blogdoedvaldomagalhaes.com.br\/index.php\/wp-json\/wp\/v2\/posts\/2901\/revisions\/29298"}],"wp:attachment":[{"href":"https:\/\/blogdoedvaldomagalhaes.com.br\/index.php\/wp-json\/wp\/v2\/media?parent=2901"}],"wp:term":[{"taxonomy":"category","embeddable":true,"href":"https:\/\/blogdoedvaldomagalhaes.com.br\/index.php\/wp-json\/wp\/v2\/categories?post=2901"},{"taxonomy":"post_tag","embeddable":true,"href":"https:\/\/blogdoedvaldomagalhaes.com.br\/index.php\/wp-json\/wp\/v2\/tags?post=2901"}],"curies":[{"name":"wp","href":"https:\/\/api.w.org\/{rel}","templated":true}]}}