{"id":29,"date":"2019-02-06T21:37:00","date_gmt":"2019-02-06T23:37:00","guid":{"rendered":"http:\/\/blogdoedvaldomagalhaes.com.br\/index.php\/2019\/02\/06\/instituto-quatro-patas-inaugura-clinica\/"},"modified":"2019-02-09T02:51:59","modified_gmt":"2019-02-09T04:51:59","slug":"instituto-quatro-patas-inaugura-clinica","status":"publish","type":"post","link":"https:\/\/blogdoedvaldomagalhaes.com.br\/index.php\/2019\/02\/06\/instituto-quatro-patas-inaugura-clinica\/","title":{"rendered":"Instituto Quatro Patas inaugura cl\u00ednica voltada para animais carentes"},"content":{"rendered":"<div class=\"separator\" style=\"clear: both; text-align: center;\">\n<a href=\"https:\/\/1.bp.blogspot.com\/-fVajb_nHxGY\/XFtTkzPNARI\/AAAAAAABCEo\/MsvPHIhH7iAZCn0LgqKjzPdtCuw5KBx0wCLcBGAs\/s1600\/quatro.jpg\" imageanchor=\"1\" style=\"margin-left: 1em; margin-right: 1em;\"><img loading=\"lazy\" decoding=\"async\" border=\"0\" data-original-height=\"431\" data-original-width=\"768\" height=\"354\" src=\"http:\/\/blogdoedvaldomagalhaes.com.br\/wp-content\/uploads\/2019\/02\/quatro.jpg\" width=\"640\" \/><\/a><\/div>\n<div style=\"background-color: white; box-sizing: border-box; line-height: 24px; margin-bottom: 10px; text-align: justify;\">\n<\/div>\n<div style=\"background-color: white; box-sizing: border-box; line-height: 24px; margin-bottom: 10px; text-align: justify;\">\nNesta sexta-feira (8), \u00e0s 19h, acontece a inaugura\u00e7\u00e3o da cl\u00ednica do Instituto Quatro Patas. O objetivo \u00e9 oferecer ajuda para animais carentes. O instituto foi idealizado pelo vereador Fagner Fernandes e um grupo de protetores de animais, e funciona h\u00e1 pouco mais de um ano. A estrutura \u00e9 composta por consult\u00f3rio veterin\u00e1rio, bloco cir\u00fargico, sala de coleta, laborat\u00f3rio e corpo funcional custeados pelo parlamentar. Ser\u00e3o oferecidos servi\u00e7os como consulta veterin\u00e1ria, castra\u00e7\u00e3o, aplica\u00e7\u00e3o de medicamentos injet\u00e1veis, curativos e hemograma com pre\u00e7os acess\u00edveis para que os donos busquem a orienta\u00e7\u00e3o de um profissional sempre que necess\u00e1rio.<\/div>\n<div style=\"background-color: white; box-sizing: border-box; line-height: 24px; margin-bottom: 10px; text-align: justify;\">\nPara Fagner a amplia\u00e7\u00e3o dos servi\u00e7os do Instituto Quatro Patas \u00e9 a realiza\u00e7\u00e3o de um sonho, n\u00e3o s\u00f3 pra ele, mas para os protetores e simpatizantes da regi\u00e3o, al\u00e9m de proporcionar tamb\u00e9m dignidade no que diz respeito ao atendimento veterin\u00e1rio. \u201cO instituto \u00e9 uma grande conquista de nosso mandato, assumi um compromisso com a causa animal, pela qual tenho imensa satisfa\u00e7\u00e3o em trabalhar. Queremos triplicar o n\u00famero de atendimento feitos em 2018\u201d, destacou Fagner.<\/div>\n<div style=\"background-color: white; box-sizing: border-box; line-height: 24px; margin-bottom: 10px; text-align: justify;\">\nA partir da pr\u00f3xima segunda-feira(11), ser\u00e3o iniciadas as marca\u00e7\u00f5es das cirurgias n\u00e3o emergenciais, que devem ser agendadas na sede do Instituto Quatro Patas, localizada na rua Esdras de Farias, 633, no bairro do Salgado. A cl\u00ednica funciona de segunda \u00e0 sexta-feira, das 8h \u00e0s 12h e das 14h \u00e0s 17h. Os demais servi\u00e7os ser\u00e3o realizados por ordem de chegada, n\u00e3o sendo necess\u00e1rio agendamento. Apesar do seu curto tempo de exist\u00eancia, a entidade, em parceria com cl\u00ednicas privadas, possibilitou centenas de consultas veterin\u00e1rias, al\u00e9m de cerca de 2.000 castra\u00e7\u00f5es.<\/div>\n<div style=\"background-color: white; box-sizing: border-box; line-height: 24px; margin-bottom: 10px; text-align: justify;\">\n<\/div>\n","protected":false},"excerpt":{"rendered":"<p>Nesta sexta-feira (8), \u00e0s 19h, acontece a inaugura\u00e7\u00e3o da cl\u00ednica do Instituto Quatro Patas. O objetivo \u00e9 oferecer ajuda para&hellip;<\/p>\n","protected":false},"author":1,"featured_media":0,"comment_status":"open","ping_status":"open","sticky":false,"template":"","format":"standard","meta":{"footnotes":""},"categories":[1],"tags":[2,35,6],"class_list":["post-29","post","type-post","status-publish","format-standard","hentry","category-sem-categoria","tag-blog-do-edvaldo-magalhaes","tag-instituto-quatro-patas-inaugura-clinica-voltada-para-animais-carentes","tag-noticias"],"_links":{"self":[{"href":"https:\/\/blogdoedvaldomagalhaes.com.br\/index.php\/wp-json\/wp\/v2\/posts\/29","targetHints":{"allow":["GET"]}}],"collection":[{"href":"https:\/\/blogdoedvaldomagalhaes.com.br\/index.php\/wp-json\/wp\/v2\/posts"}],"about":[{"href":"https:\/\/blogdoedvaldomagalhaes.com.br\/index.php\/wp-json\/wp\/v2\/types\/post"}],"author":[{"embeddable":true,"href":"https:\/\/blogdoedvaldomagalhaes.com.br\/index.php\/wp-json\/wp\/v2\/users\/1"}],"replies":[{"embeddable":true,"href":"https:\/\/blogdoedvaldomagalhaes.com.br\/index.php\/wp-json\/wp\/v2\/comments?post=29"}],"version-history":[{"count":1,"href":"https:\/\/blogdoedvaldomagalhaes.com.br\/index.php\/wp-json\/wp\/v2\/posts\/29\/revisions"}],"predecessor-version":[{"id":37999,"href":"https:\/\/blogdoedvaldomagalhaes.com.br\/index.php\/wp-json\/wp\/v2\/posts\/29\/revisions\/37999"}],"wp:attachment":[{"href":"https:\/\/blogdoedvaldomagalhaes.com.br\/index.php\/wp-json\/wp\/v2\/media?parent=29"}],"wp:term":[{"taxonomy":"category","embeddable":true,"href":"https:\/\/blogdoedvaldomagalhaes.com.br\/index.php\/wp-json\/wp\/v2\/categories?post=29"},{"taxonomy":"post_tag","embeddable":true,"href":"https:\/\/blogdoedvaldomagalhaes.com.br\/index.php\/wp-json\/wp\/v2\/tags?post=29"}],"curies":[{"name":"wp","href":"https:\/\/api.w.org\/{rel}","templated":true}]}}