{"id":2898,"date":"2018-03-26T15:22:00","date_gmt":"2018-03-26T18:22:00","guid":{"rendered":"http:\/\/blogdoedvaldomagalhaes.com.br\/index.php\/2018\/03\/26\/caruaru-sediara-1-encontro\/"},"modified":"2019-02-09T02:06:51","modified_gmt":"2019-02-09T04:06:51","slug":"caruaru-sediara-1-encontro","status":"publish","type":"post","link":"https:\/\/blogdoedvaldomagalhaes.com.br\/index.php\/2018\/03\/26\/caruaru-sediara-1-encontro\/","title":{"rendered":"Caruaru sediar\u00e1 1\u00ba Encontro Internacional sobre Autismo"},"content":{"rendered":"<p><\/p>\n<div class=\"separator\" style=\"clear: both; text-align: center;\">\n<a href=\"https:\/\/1.bp.blogspot.com\/-Uj_eeyocFi4\/WrkQDOFV8HI\/AAAAAAAAs3U\/ZcSZ329Ps7E9KEThmfr8VwrpgmzpS8cUQCLcBGAs\/s1600\/insc.jpg\" imageanchor=\"1\" style=\"margin-left: 1em; margin-right: 1em;\"><img loading=\"lazy\" decoding=\"async\" border=\"0\" data-original-height=\"320\" data-original-width=\"320\" height=\"640\" src=\"http:\/\/blogdoedvaldomagalhaes.com.br\/wp-content\/uploads\/2018\/03\/insc.jpg\" width=\"640\" \/><\/a><\/div>\n<div class=\"MsoNormal\" style=\"text-align: justify;\">\n<\/div>\n<div class=\"MsoNormal\" style=\"text-align: justify;\">\nNos<br \/>\ndias 13, 14 e 15 de abril, a cidade de Caruaru estar\u00e1 sediando o 1\u00ba Encontro<br \/>\nInternacional sobre Autismo do Agreste. O evento ocorrer\u00e1 no Centro de<br \/>\nConven\u00e7\u00f5es. O objetivo \u00e9 de bater v\u00e1rios temas e dialogar com os pais,<br \/>\nfamiliares e profissionais. As inscri\u00e7\u00f5es est\u00e3o abertas.<\/div>\n<p><\/p>\n","protected":false},"excerpt":{"rendered":"<p>Nos dias 13, 14 e 15 de abril, a cidade de Caruaru estar\u00e1 sediando o 1\u00ba Encontro Internacional sobre Autismo&hellip;<\/p>\n","protected":false},"author":1,"featured_media":0,"comment_status":"open","ping_status":"open","sticky":false,"template":"","format":"standard","meta":{"footnotes":""},"categories":[1],"tags":[2,3200,6],"class_list":["post-2898","post","type-post","status-publish","format-standard","hentry","category-sem-categoria","tag-blog-do-edvaldo-magalhaes","tag-caruaru-sediara-1o-encontro-internacional-sobre-autismo","tag-noticias"],"_links":{"self":[{"href":"https:\/\/blogdoedvaldomagalhaes.com.br\/index.php\/wp-json\/wp\/v2\/posts\/2898","targetHints":{"allow":["GET"]}}],"collection":[{"href":"https:\/\/blogdoedvaldomagalhaes.com.br\/index.php\/wp-json\/wp\/v2\/posts"}],"about":[{"href":"https:\/\/blogdoedvaldomagalhaes.com.br\/index.php\/wp-json\/wp\/v2\/types\/post"}],"author":[{"embeddable":true,"href":"https:\/\/blogdoedvaldomagalhaes.com.br\/index.php\/wp-json\/wp\/v2\/users\/1"}],"replies":[{"embeddable":true,"href":"https:\/\/blogdoedvaldomagalhaes.com.br\/index.php\/wp-json\/wp\/v2\/comments?post=2898"}],"version-history":[{"count":1,"href":"https:\/\/blogdoedvaldomagalhaes.com.br\/index.php\/wp-json\/wp\/v2\/posts\/2898\/revisions"}],"predecessor-version":[{"id":29304,"href":"https:\/\/blogdoedvaldomagalhaes.com.br\/index.php\/wp-json\/wp\/v2\/posts\/2898\/revisions\/29304"}],"wp:attachment":[{"href":"https:\/\/blogdoedvaldomagalhaes.com.br\/index.php\/wp-json\/wp\/v2\/media?parent=2898"}],"wp:term":[{"taxonomy":"category","embeddable":true,"href":"https:\/\/blogdoedvaldomagalhaes.com.br\/index.php\/wp-json\/wp\/v2\/categories?post=2898"},{"taxonomy":"post_tag","embeddable":true,"href":"https:\/\/blogdoedvaldomagalhaes.com.br\/index.php\/wp-json\/wp\/v2\/tags?post=2898"}],"curies":[{"name":"wp","href":"https:\/\/api.w.org\/{rel}","templated":true}]}}