{"id":2897,"date":"2018-03-26T15:24:00","date_gmt":"2018-03-26T18:24:00","guid":{"rendered":"http:\/\/blogdoedvaldomagalhaes.com.br\/index.php\/2018\/03\/26\/irmaos-sao-esfaqueados-em-bezerros-e-u\/"},"modified":"2019-02-09T02:06:52","modified_gmt":"2019-02-09T04:06:52","slug":"irmaos-sao-esfaqueados-em-bezerros-e-u","status":"publish","type":"post","link":"https:\/\/blogdoedvaldomagalhaes.com.br\/index.php\/2018\/03\/26\/irmaos-sao-esfaqueados-em-bezerros-e-u\/","title":{"rendered":"Irm\u00e3os s\u00e3o esfaqueados em Bezerros e um morre"},"content":{"rendered":"<div class=\"separator\" style=\"clear: both; text-align: center;\">\n<a href=\"https:\/\/4.bp.blogspot.com\/-SdkzgkMjAWw\/WrkQY0KVSeI\/AAAAAAAAs3Y\/fnK_hGmYfts5s22ol3FJkhQagrnCfrjkgCLcBGAs\/s1600\/bezeros.jpg\" imageanchor=\"1\" style=\"margin-left: 1em; margin-right: 1em;\"><img loading=\"lazy\" decoding=\"async\" border=\"0\" data-original-height=\"221\" data-original-width=\"300\" height=\"471\" src=\"http:\/\/blogdoedvaldomagalhaes.com.br\/wp-content\/uploads\/2018\/03\/bezeros.jpg\" width=\"640\" \/><\/a><\/div>\n<div class=\"separator\" style=\"clear: both; text-align: center;\">\nFoto: WhatsApp\/Cortesia<\/div>\n<div class=\"separator\" style=\"clear: both; text-align: center;\">\n<\/div>\n<div style=\"background-color: white; box-sizing: border-box; line-height: 24px; margin-bottom: 10px; text-align: justify;\">\nDois irm\u00e3os foram esfaqueados na manh\u00e3 desta segunda-feira (26), em Bezerros Agreste pernambucano. O crime aconteceu no bairro de Encruzilhada de S\u00e3o Jo\u00e3o. Um morreu no local e o outro foi socorrido.<\/div>\n<div style=\"background-color: white; box-sizing: border-box; line-height: 24px; margin-bottom: 10px; text-align: justify;\">\nEste foi o terceiro assassinato em bezerros nas \u00faltimas 72 horas. Todos os homic\u00eddios est\u00e3o sendo investigados pela Pol\u00edcia Civil.<\/div>\n<p><\/p>\n","protected":false},"excerpt":{"rendered":"<p>Foto: WhatsApp\/Cortesia Dois irm\u00e3os foram esfaqueados na manh\u00e3 desta segunda-feira (26), em Bezerros Agreste pernambucano. O crime aconteceu no bairro&hellip;<\/p>\n","protected":false},"author":1,"featured_media":0,"comment_status":"open","ping_status":"open","sticky":false,"template":"","format":"standard","meta":{"footnotes":""},"categories":[1],"tags":[2,2828,3199,1479,13],"class_list":["post-2897","post","type-post","status-publish","format-standard","hentry","category-sem-categoria","tag-blog-do-edvaldo-magalhaes","tag-encruzilhada-de-sao-joao","tag-irmaos-sao-esfaqueados-em-bezerros-e-um-morre","tag-noticias-policiais","tag-policial"],"_links":{"self":[{"href":"https:\/\/blogdoedvaldomagalhaes.com.br\/index.php\/wp-json\/wp\/v2\/posts\/2897","targetHints":{"allow":["GET"]}}],"collection":[{"href":"https:\/\/blogdoedvaldomagalhaes.com.br\/index.php\/wp-json\/wp\/v2\/posts"}],"about":[{"href":"https:\/\/blogdoedvaldomagalhaes.com.br\/index.php\/wp-json\/wp\/v2\/types\/post"}],"author":[{"embeddable":true,"href":"https:\/\/blogdoedvaldomagalhaes.com.br\/index.php\/wp-json\/wp\/v2\/users\/1"}],"replies":[{"embeddable":true,"href":"https:\/\/blogdoedvaldomagalhaes.com.br\/index.php\/wp-json\/wp\/v2\/comments?post=2897"}],"version-history":[{"count":1,"href":"https:\/\/blogdoedvaldomagalhaes.com.br\/index.php\/wp-json\/wp\/v2\/posts\/2897\/revisions"}],"predecessor-version":[{"id":29306,"href":"https:\/\/blogdoedvaldomagalhaes.com.br\/index.php\/wp-json\/wp\/v2\/posts\/2897\/revisions\/29306"}],"wp:attachment":[{"href":"https:\/\/blogdoedvaldomagalhaes.com.br\/index.php\/wp-json\/wp\/v2\/media?parent=2897"}],"wp:term":[{"taxonomy":"category","embeddable":true,"href":"https:\/\/blogdoedvaldomagalhaes.com.br\/index.php\/wp-json\/wp\/v2\/categories?post=2897"},{"taxonomy":"post_tag","embeddable":true,"href":"https:\/\/blogdoedvaldomagalhaes.com.br\/index.php\/wp-json\/wp\/v2\/tags?post=2897"}],"curies":[{"name":"wp","href":"https:\/\/api.w.org\/{rel}","templated":true}]}}