{"id":2896,"date":"2018-03-26T15:28:00","date_gmt":"2018-03-26T18:28:00","guid":{"rendered":"http:\/\/blogdoedvaldomagalhaes.com.br\/index.php\/2018\/03\/26\/estrategias-para-reducao-da-gordura\/"},"modified":"2019-02-09T02:06:53","modified_gmt":"2019-02-09T04:06:53","slug":"estrategias-para-reducao-da-gordura","status":"publish","type":"post","link":"https:\/\/blogdoedvaldomagalhaes.com.br\/index.php\/2018\/03\/26\/estrategias-para-reducao-da-gordura\/","title":{"rendered":"Estrat\u00e9gias para redu\u00e7\u00e3o da gordura corporal \u00e9 tema do I Congresso de Sa\u00fade"},"content":{"rendered":"<p><\/p>\n<div class=\"separator\" style=\"clear: both; text-align: center;\">\n<a href=\"https:\/\/4.bp.blogspot.com\/-E2w6TaDAaBs\/WrkRho5cdtI\/AAAAAAAAs3k\/FjAzTh1HDPImleihmXQqiQGINLlsclOGwCLcBGAs\/s1600\/este.jpg\" imageanchor=\"1\" style=\"margin-left: 1em; margin-right: 1em;\"><img loading=\"lazy\" decoding=\"async\" border=\"0\" data-original-height=\"338\" data-original-width=\"782\" height=\"276\" src=\"http:\/\/blogdoedvaldomagalhaes.com.br\/wp-content\/uploads\/2018\/03\/este.jpg\" width=\"640\" \/><\/a><\/div>\n<div class=\"MsoNormal\" style=\"background: white; line-height: normal; margin-bottom: .0001pt; margin-bottom: 0cm; text-align: justify; text-indent: 35.4pt;\">\n<\/div>\n<div class=\"MsoNormal\" style=\"background: white; line-height: normal; margin-bottom: .0001pt; margin-bottom: 0cm; text-align: justify; text-indent: 35.4pt;\">\nO I Congresso<br \/>\nMultiprofissional de Sa\u00fade do Agreste realizado pela Faculdade UNINASSAU<br \/>\nCaruaru entre os dias 5 e 6 de abril, no SENAC da cidade &#8211; debater\u00e1 em workshop<br \/>\na tem\u00e1tica \u2018\u2019Estrat\u00e9gias eficientes para redu\u00e7\u00e3o da gordura corporal\u2019\u2019. A<br \/>\npalestras acontece no segundo dia do congresso, das 10h \u00e0s 11h30.<\/div>\n<div class=\"MsoNormal\" style=\"background: white; line-height: normal; margin-bottom: .0001pt; margin-bottom: 0cm; text-align: justify; text-indent: 35.4pt;\">\n<\/div>\n<div class=\"MsoNormal\" style=\"background: white; line-height: normal; margin-bottom: .0001pt; margin-bottom: 0cm; text-align: justify; text-indent: 35.4pt;\">\nA palestra ser\u00e1<br \/>\nministrado pelo Mestre em Educa\u00e7\u00e3o F\u00edsica pelo Programa Associado de<br \/>\nP\u00f3s-Gradua\u00e7\u00e3o em Educa\u00e7\u00e3o F\u00edsica (PAPG UPE\/UFPB) e membro do Laborat\u00f3rio de<br \/>\nAvalia\u00e7\u00e3o em Performance Humana da Universidade de Pernambuco (LAPH\/UPE),<br \/>\nRafael Perrier.<\/div>\n<div class=\"MsoNormal\" style=\"background: white; line-height: normal; margin-bottom: .0001pt; margin-bottom: 0cm; text-align: justify; text-indent: 35.4pt;\">\nPerrier explica o que<br \/>\n\u00e9 a obesidade e os riscos quando ela n\u00e3o \u00e9 tratada. \u2018\u2019A obesidade \u00e9 uma doen\u00e7a<br \/>\nmultifatorial, caracterizada pelo excesso de massa corporal (kg) em diferentes<br \/>\nregi\u00f5es do corpo humano. Quando a mesma n\u00e3o \u00e9 tratada pode gerar disfun\u00e7\u00f5es<br \/>\npsicol\u00f3gicas, cardiovasculares, respirat\u00f3rias, metab\u00f3licas, deixando o<br \/>\nindiv\u00edduo mais vulner\u00e1vel para o desenvolvimento ou agravamento de outras<br \/>\ndoen\u00e7as, como hipertens\u00e3o arterial sist\u00eamica e diabetes\u201d, explica.<\/div>\n<div class=\"MsoNormal\" style=\"background: white; line-height: normal; margin-bottom: .0001pt; margin-bottom: 0cm; text-align: justify;\">\n<\/div>\n<div class=\"MsoNormal\" style=\"background: white; line-height: normal; margin-bottom: .0001pt; margin-bottom: 0cm; text-align: justify;\">\n<b>Sobre o Congresso<\/b><\/div>\n<div class=\"MsoNormal\" style=\"background: white; line-height: normal; margin-bottom: .0001pt; margin-bottom: 0cm; text-align: justify;\">\nA programa\u00e7\u00e3o do I Congresso<br \/>\nMultiprofissional de Sa\u00fade do Agreste \u00e9 voltada para promover a troca de<br \/>\nexperi\u00eancias atrav\u00e9s de palestras, minicursos e apresenta\u00e7\u00f5es cient\u00edficas,<br \/>\nabordando conte\u00fados multidisciplinares. As atividades cient\u00edficas do Congresso<br \/>\nser\u00e3o realizadas por meio de sess\u00e3o plen\u00e1ria, turmas de confer\u00eancias, talk show<br \/>\ne mesa redonda. As inscri\u00e7\u00f5es, al\u00e9m de outras informa\u00e7\u00f5es, est\u00e3o sendo<br \/>\nrealizadas atrav\u00e9s do site&nbsp;<a href=\"http:\/\/sereduc.com\/YiJkw8\" target=\"_blank\">http:\/\/sereduc.com\/YiJkw8<\/a>.<\/div>\n<div class=\"MsoNormal\">\n<\/div>\n<p><\/p>\n","protected":false},"excerpt":{"rendered":"<p>O I Congresso Multiprofissional de Sa\u00fade do Agreste realizado pela Faculdade UNINASSAU Caruaru entre os dias 5 e 6 de&hellip;<\/p>\n","protected":false},"author":1,"featured_media":0,"comment_status":"open","ping_status":"open","sticky":false,"template":"","format":"standard","meta":{"footnotes":""},"categories":[1],"tags":[2,3198,6],"class_list":["post-2896","post","type-post","status-publish","format-standard","hentry","category-sem-categoria","tag-blog-do-edvaldo-magalhaes","tag-estrategias-para-reducao-da-gordura-corporal-e-tema-do-i-congresso-de-saude","tag-noticias"],"_links":{"self":[{"href":"https:\/\/blogdoedvaldomagalhaes.com.br\/index.php\/wp-json\/wp\/v2\/posts\/2896","targetHints":{"allow":["GET"]}}],"collection":[{"href":"https:\/\/blogdoedvaldomagalhaes.com.br\/index.php\/wp-json\/wp\/v2\/posts"}],"about":[{"href":"https:\/\/blogdoedvaldomagalhaes.com.br\/index.php\/wp-json\/wp\/v2\/types\/post"}],"author":[{"embeddable":true,"href":"https:\/\/blogdoedvaldomagalhaes.com.br\/index.php\/wp-json\/wp\/v2\/users\/1"}],"replies":[{"embeddable":true,"href":"https:\/\/blogdoedvaldomagalhaes.com.br\/index.php\/wp-json\/wp\/v2\/comments?post=2896"}],"version-history":[{"count":1,"href":"https:\/\/blogdoedvaldomagalhaes.com.br\/index.php\/wp-json\/wp\/v2\/posts\/2896\/revisions"}],"predecessor-version":[{"id":29308,"href":"https:\/\/blogdoedvaldomagalhaes.com.br\/index.php\/wp-json\/wp\/v2\/posts\/2896\/revisions\/29308"}],"wp:attachment":[{"href":"https:\/\/blogdoedvaldomagalhaes.com.br\/index.php\/wp-json\/wp\/v2\/media?parent=2896"}],"wp:term":[{"taxonomy":"category","embeddable":true,"href":"https:\/\/blogdoedvaldomagalhaes.com.br\/index.php\/wp-json\/wp\/v2\/categories?post=2896"},{"taxonomy":"post_tag","embeddable":true,"href":"https:\/\/blogdoedvaldomagalhaes.com.br\/index.php\/wp-json\/wp\/v2\/tags?post=2896"}],"curies":[{"name":"wp","href":"https:\/\/api.w.org\/{rel}","templated":true}]}}