{"id":2888,"date":"2018-03-26T23:36:00","date_gmt":"2018-03-27T02:36:00","guid":{"rendered":"http:\/\/blogdoedvaldomagalhaes.com.br\/index.php\/2018\/03\/26\/central-define-valores-dos-ingressos\/"},"modified":"2019-02-09T02:06:58","modified_gmt":"2019-02-09T04:06:58","slug":"central-define-valores-dos-ingressos","status":"publish","type":"post","link":"https:\/\/blogdoedvaldomagalhaes.com.br\/index.php\/2018\/03\/26\/central-define-valores-dos-ingressos\/","title":{"rendered":"Central define valores dos ingressos para \u201cdecis\u00e3o\u201d contra o N\u00e1utico"},"content":{"rendered":"<div class=\"separator\" style=\"clear: both; text-align: center;\">\n<a href=\"https:\/\/1.bp.blogspot.com\/-k-JGw4bZ1hA\/WrmD0__hTCI\/AAAAAAAAs7E\/xnBsepLBBQ0PFCjhjIIwoCu20uGYP5fPwCLcBGAs\/s1600\/central.jpg\" imageanchor=\"1\" style=\"margin-left: 1em; margin-right: 1em;\"><img loading=\"lazy\" decoding=\"async\" border=\"0\" data-original-height=\"540\" data-original-width=\"960\" height=\"360\" src=\"http:\/\/blogdoedvaldomagalhaes.com.br\/wp-content\/uploads\/2018\/03\/central-7.jpg\" width=\"640\" \/><\/a><\/div>\n<div style=\"background-color: white; box-sizing: border-box; line-height: 26px; margin-bottom: 26px; text-align: justify; word-wrap: break-word;\">\n<\/div>\n<div style=\"background-color: white; box-sizing: border-box; line-height: 26px; margin-bottom: 26px; text-align: justify; word-wrap: break-word;\">\nAtrav\u00e9s de sua assessoria de imprensa, o Central divulgou nesta segunda-feira (26), os valores dos ingressos para o confronto decisivo no pr\u00f3ximo domingo (01), \u00e0s 16h, no Lacerd\u00e3o, diante do N\u00e1utico, valendo o t\u00e3o sonhado titulo do Campeonato Pernambucano.<\/div>\n<div style=\"background-color: white; box-sizing: border-box; line-height: 26px; margin-bottom: 26px; text-align: justify; word-wrap: break-word;\">\nOs ingressos come\u00e7am a ser comercializados a partir de quarta-feira (28) na pr\u00f3pria bilheteria do clube, com valor promocional de R$ 30,00 para arquibancada. As entradas para a torcida do N\u00e1utico o valor ser\u00e1 de R$ 50,00. Diferentemente do confronto da primeira fase, o torcedor do N\u00e1utico s\u00f3 ter\u00e1 acesso ao tobog\u00e3, o setor de cadeiras fica todo \u00e0 disposi\u00e7\u00e3o do torcedor centralino ao custo de R$ 60,00. Vale lembrar, o s\u00f3cio-torcedor paga meia entrada tanto nas cadeiras, quanto no setor de arquibancadas, independente do dia.<\/div>\n<div style=\"background-color: white; box-sizing: border-box; line-height: 26px; margin-bottom: 26px; text-align: justify; word-wrap: break-word;\">\nCurta a nossa p\u00e1gina no Facebook.<\/div>\n","protected":false},"excerpt":{"rendered":"<p>Atrav\u00e9s de sua assessoria de imprensa, o Central divulgou nesta segunda-feira (26), os valores dos ingressos para o confronto decisivo&hellip;<\/p>\n","protected":false},"author":1,"featured_media":0,"comment_status":"open","ping_status":"open","sticky":false,"template":"","format":"standard","meta":{"footnotes":""},"categories":[1],"tags":[2,3187,3,1950],"class_list":["post-2888","post","type-post","status-publish","format-standard","hentry","category-sem-categoria","tag-blog-do-edvaldo-magalhaes","tag-central-define-valores-dos-ingressos-para-decisao-contra-o-nautico","tag-futebol","tag-noticias-de-caruaru"],"_links":{"self":[{"href":"https:\/\/blogdoedvaldomagalhaes.com.br\/index.php\/wp-json\/wp\/v2\/posts\/2888","targetHints":{"allow":["GET"]}}],"collection":[{"href":"https:\/\/blogdoedvaldomagalhaes.com.br\/index.php\/wp-json\/wp\/v2\/posts"}],"about":[{"href":"https:\/\/blogdoedvaldomagalhaes.com.br\/index.php\/wp-json\/wp\/v2\/types\/post"}],"author":[{"embeddable":true,"href":"https:\/\/blogdoedvaldomagalhaes.com.br\/index.php\/wp-json\/wp\/v2\/users\/1"}],"replies":[{"embeddable":true,"href":"https:\/\/blogdoedvaldomagalhaes.com.br\/index.php\/wp-json\/wp\/v2\/comments?post=2888"}],"version-history":[{"count":1,"href":"https:\/\/blogdoedvaldomagalhaes.com.br\/index.php\/wp-json\/wp\/v2\/posts\/2888\/revisions"}],"predecessor-version":[{"id":29339,"href":"https:\/\/blogdoedvaldomagalhaes.com.br\/index.php\/wp-json\/wp\/v2\/posts\/2888\/revisions\/29339"}],"wp:attachment":[{"href":"https:\/\/blogdoedvaldomagalhaes.com.br\/index.php\/wp-json\/wp\/v2\/media?parent=2888"}],"wp:term":[{"taxonomy":"category","embeddable":true,"href":"https:\/\/blogdoedvaldomagalhaes.com.br\/index.php\/wp-json\/wp\/v2\/categories?post=2888"},{"taxonomy":"post_tag","embeddable":true,"href":"https:\/\/blogdoedvaldomagalhaes.com.br\/index.php\/wp-json\/wp\/v2\/tags?post=2888"}],"curies":[{"name":"wp","href":"https:\/\/api.w.org\/{rel}","templated":true}]}}