{"id":2881,"date":"2018-03-27T23:07:00","date_gmt":"2018-03-28T02:07:00","guid":{"rendered":"http:\/\/blogdoedvaldomagalhaes.com.br\/index.php\/2018\/03\/27\/festival-de-cinema-curta-taquary\/"},"modified":"2019-02-09T02:07:04","modified_gmt":"2019-02-09T04:07:04","slug":"festival-de-cinema-curta-taquary","status":"publish","type":"post","link":"https:\/\/blogdoedvaldomagalhaes.com.br\/index.php\/2018\/03\/27\/festival-de-cinema-curta-taquary\/","title":{"rendered":"Festival de cinema Curta Taquary anuncia filmes selecionados da 11\u00aa edi\u00e7\u00e3o"},"content":{"rendered":"<div class=\"MsoNormal\" style=\"background-color: white; color: #222222; line-height: 16.8667px; margin: 0cm 0cm 10pt; text-align: justify;\">\n<\/div>\n<div class=\"separator\" style=\"clear: both; text-align: center;\">\n<a href=\"https:\/\/4.bp.blogspot.com\/-wtdKLZI-KMI\/WrrOvM6HcsI\/AAAAAAAAs_M\/PLrG2jgh9vQorNb8ibkD3ZtDMFn17i54ACLcBGAs\/s1600\/filmes.jpg\" imageanchor=\"1\" style=\"margin-left: 1em; margin-right: 1em;\"><img loading=\"lazy\" decoding=\"async\" border=\"0\" data-original-height=\"887\" data-original-width=\"1280\" height=\"442\" src=\"http:\/\/blogdoedvaldomagalhaes.com.br\/wp-content\/uploads\/2018\/03\/filmes.jpg\" width=\"640\" \/><\/a><\/div>\n<div class=\"MsoNormal\" style=\"text-align: justify;\">\n<\/div>\n<div class=\"MsoNormal\" style=\"text-align: justify;\">\nO festival de cinema Curta<br \/>\nTaquary tem a honra de anunciar os filmes selecionados da sua 11\u00aa edi\u00e7\u00e3o,<br \/>\nmarcada para acontecer entre os dias 16 e 21 de abril de 2018, em Taquaritinga<br \/>\ndo Norte, no agreste pernambucano. A curadoria deste ano contou com 11 membros<br \/>\nque analisaram 368 curtas inscritos e selecionaram 74 para exibi\u00e7\u00e3o durante o<br \/>\nevento. Quase 30% dos filmes selecionados s\u00e3o dirigidos ou codirigidos por<br \/>\nmulheres e a proposta \u00e9 que nas pr\u00f3ximas edi\u00e7\u00f5es esse percentual s\u00f3 aumente.<\/div>\n<div class=\"MsoNormal\" style=\"text-align: justify;\">\n<\/div>\n<div class=\"MsoNormal\" style=\"text-align: justify;\">\nPela primeira vez o Curta<br \/>\nTaquary estabelece parceria com o Festival VerOuvindo no intuito de<br \/>\ninteriorizar algumas das produ\u00e7\u00f5es pernambucanas que contam com os recursos de<br \/>\nacessibilidade comunicacional, assim contribuindo para a democratiza\u00e7\u00e3o do<br \/>\nacesso ao cinema para todas e todos. Ser\u00e3o exibidos premiados curtas com os<br \/>\nrecursos da audiodescri\u00e7\u00e3o, Libras e legenda para surdos e ensurdecidos, para<br \/>\naprecia\u00e7\u00e3o do p\u00fablico com ou sem defici\u00eancia.<\/div>\n<div class=\"MsoNormal\" style=\"text-align: justify;\">\n<\/div>\n<div class=\"MsoNormal\" style=\"text-align: justify;\">\nO evento j\u00e1 se consolidou no<br \/>\ncircuito dos festivais de cinema do pa\u00eds e apresenta mostras competitivas e n\u00e3o<br \/>\ncompetitivas, sess\u00f5es itinerantes em escolas p\u00fablicas, oficinas, semin\u00e1rios,<br \/>\nEncontro de Cinema e Educa\u00e7\u00e3o, palestras, exposi\u00e7\u00f5es e outras atividades, todas<br \/>\nelas gratuitas. Para esta edi\u00e7\u00e3o o Curta Taquary apresentar\u00e1 sete mostras<br \/>\ncompetitivas, sendo elas: Mostra Brasil; Primeiros Passos; D\u00e1lia da Serra;<br \/>\nUniversit\u00e1ria; Diversidade; Curtas Fant\u00e1sticos; e Criancine. Al\u00e9m disso, ter\u00e1<br \/>\ncinco mostras paralelas: Olhares, Especial, Itinerante, VerOuvindo e<br \/>\nInternacional. Todas as exibi\u00e7\u00f5es ser\u00e3o na Pra\u00e7a Padre Otto Sailler, no centro<br \/>\nda cidade, e em escolas do munic\u00edpio.<\/div>\n<div class=\"MsoNormal\" style=\"text-align: justify;\">\n<\/div>\n<div class=\"MsoNormal\" style=\"text-align: justify;\">\nA identidade visual de 2018<br \/>\nvem com a assinatura do pernambucano J. Borges, considerado g\u00eanio da arte<br \/>\npopular e um dos mestres da xilogravura e literatura de cordel, tendo j\u00e1<br \/>\nilustrado livros, discos e participado de exposi\u00e7\u00f5es em diversos pa\u00edses.<\/div>\n<div class=\"MsoNormal\" style=\"text-align: justify;\">\n<\/div>\n<div class=\"MsoNormal\" style=\"text-align: justify;\">\nConfira todos os<br \/>\ncurtas-metragens selecionados em cada categoria:<\/div>\n<div class=\"MsoNormal\" style=\"text-align: justify;\">\n<\/div>\n<div class=\"MsoNormal\" style=\"text-align: justify;\">\nMOSTRA BRASIL<\/div>\n<div class=\"MsoNormal\" style=\"text-align: justify;\">\n<\/div>\n<div class=\"MsoNormal\" style=\"text-align: justify;\">\nCuradoria: Amanda Ramos,<br \/>\nEduardo Morot\u00f3 e Marcos Buccini<\/div>\n<div class=\"MsoNormal\" style=\"text-align: justify;\">\n<\/div>\n<div class=\"MsoNormal\" style=\"text-align: justify;\">\n<\/div>\n<div class=\"MsoNormal\" style=\"text-align: justify;\">\n<\/div>\n<div class=\"MsoNormal\" style=\"text-align: justify;\">\nAS MELHORES NOITES DE VERONI<br \/>\n&#8211; Dir. Ulisses Arthur (AL)<\/div>\n<div class=\"MsoNormal\" style=\"text-align: justify;\">\n<\/div>\n<div class=\"MsoNormal\" style=\"text-align: justify;\">\nCOR DE PELE \u2013 Dir. Livia<br \/>\nPerini (PE)<\/div>\n<div class=\"MsoNormal\" style=\"text-align: justify;\">\n<\/div>\n<div class=\"MsoNormal\" style=\"text-align: justify;\">\nGER\u00d4NIMO \u2013 Dir. Anny Stone<br \/>\n(PE)&nbsp;&nbsp;&nbsp;&nbsp; <\/div>\n<div class=\"MsoNormal\" style=\"text-align: justify;\">\n<\/div>\n<div class=\"MsoNormal\" style=\"text-align: justify;\">\nMENINAS FORMICIDA \u2013 Dir.<br \/>\nJo\u00e3o Paulo Miranda Maria (SP)&nbsp;&nbsp;&nbsp;&nbsp; <\/div>\n<div class=\"MsoNormal\" style=\"text-align: justify;\">\n<\/div>\n<div class=\"MsoNormal\" style=\"text-align: justify;\">\nO VESTIDO DE MYRIAM &#8211; Dir.<br \/>\nLucas H. Rossi (RJ)<\/div>\n<div class=\"MsoNormal\" style=\"text-align: justify;\">\n<\/div>\n<div class=\"MsoNormal\" style=\"text-align: justify;\">\nPERIPAT\u00c9TICO &#8211; Dir. Jessica<br \/>\nQueiroz (SP)<\/div>\n<div class=\"MsoNormal\" style=\"text-align: justify;\">\n<\/div>\n<div class=\"MsoNormal\" style=\"text-align: justify;\">\nTORRE &#8211; Dir. N\u00e1dia Mangolini<br \/>\n(SP)<\/div>\n<div class=\"MsoNormal\" style=\"text-align: justify;\">\n<\/div>\n<div class=\"MsoNormal\" style=\"text-align: justify;\">\nUNIVERSO PRETO PARALELO &#8211;<br \/>\nDir. Rubens Passaro (SP)&nbsp;&nbsp;&nbsp; <\/div>\n<div class=\"MsoNormal\" style=\"text-align: justify;\">\n<\/div>\n<div class=\"MsoNormal\" style=\"text-align: justify;\">\n<\/div>\n<div class=\"MsoNormal\" style=\"text-align: justify;\">\n<\/div>\n<div class=\"MsoNormal\" style=\"text-align: justify;\">\nMOSTRA PRIMEIROS PASSOS<\/div>\n<div class=\"MsoNormal\" style=\"text-align: justify;\">\n<\/div>\n<div class=\"MsoNormal\" style=\"text-align: justify;\">\nCuradoria: Amanda Ramos,<br \/>\nItamar Borges e Tuna Dwek<\/div>\n<div class=\"MsoNormal\" style=\"text-align: justify;\">\n<\/div>\n<div class=\"MsoNormal\" style=\"text-align: justify;\">\n<\/div>\n<div class=\"MsoNormal\" style=\"text-align: justify;\">\n<\/div>\n<div class=\"MsoNormal\" style=\"text-align: justify;\">\nA FORMID\u00c1VEL FABRIQUETA DE<br \/>\nSONHOS MENINA BETINA \u2013 Dir. Tiago Ribeiro (RS)<\/div>\n<div class=\"MsoNormal\" style=\"text-align: justify;\">\n<\/div>\n<div class=\"MsoNormal\" style=\"text-align: justify;\">\nCABELO BOM \u2013 Dir. Swahili<br \/>\nVidal, (RJ)<\/div>\n<div class=\"MsoNormal\" style=\"text-align: justify;\">\n<\/div>\n<div class=\"MsoNormal\" style=\"text-align: justify;\">\nCONATUS \u2013 Dir. Gustavo<br \/>\nMcNair (SP)<\/div>\n<div class=\"MsoNormal\" style=\"text-align: justify;\">\n<\/div>\n<div class=\"MsoNormal\" style=\"text-align: justify;\">\nS\u00d3 POR HOJE \u2013 Dir. Sabrina<br \/>\nGarcia (RJ)<\/div>\n<div class=\"MsoNormal\" style=\"text-align: justify;\">\n<\/div>\n<div class=\"MsoNormal\" style=\"text-align: justify;\">\nUMA BALADA PARA ROCKY LANE \u2013<br \/>\nDir. Djalma Galdino (PE)<\/div>\n<div class=\"MsoNormal\" style=\"text-align: justify;\">\n<\/div>\n<div class=\"MsoNormal\" style=\"text-align: justify;\">\nVOC\u00ca CONHECE DERR\u00c9IS? \u2013 Dir.<br \/>\nVeruza Guedes (PB)<\/div>\n<div class=\"MsoNormal\" style=\"text-align: justify;\">\n<\/div>\n<div class=\"MsoNormal\" style=\"text-align: justify;\">\n<\/div>\n<div class=\"MsoNormal\" style=\"text-align: justify;\">\n<\/div>\n<div class=\"MsoNormal\" style=\"text-align: justify;\">\nMOSTRA D\u00c1LIA DA SERRA<\/div>\n<div class=\"MsoNormal\" style=\"text-align: justify;\">\n<\/div>\n<div class=\"MsoNormal\" style=\"text-align: justify;\">\nCuradoria: Devyd Santos e<br \/>\nKarla Ferreira<\/div>\n<div class=\"MsoNormal\" style=\"text-align: justify;\">\n<\/div>\n<div class=\"MsoNormal\" style=\"text-align: justify;\">\n<\/div>\n<div class=\"MsoNormal\" style=\"text-align: justify;\">\n<\/div>\n<div class=\"MsoNormal\" style=\"text-align: justify;\">\nANA \u2013 Dir. Vit\u00f3ria Felipe<br \/>\n(SP)<\/div>\n<div class=\"MsoNormal\" style=\"text-align: justify;\">\n<\/div>\n<div class=\"MsoNormal\" style=\"text-align: justify;\">\nCAFUND\u00d3 &amp; ESCONDIDO \u2013<br \/>\nDir. Tomaz Davi de Aquino, George Lima, Em\u00edlio Marru (CE)<\/div>\n<div class=\"MsoNormal\" style=\"text-align: justify;\">\n<\/div>\n<div class=\"MsoNormal\" style=\"text-align: justify;\">\nCONTOS E MAGIA DO PA\u00d3 \u2013 Dir.<br \/>\nColetiva (PB)<\/div>\n<div class=\"MsoNormal\" style=\"text-align: justify;\">\n<\/div>\n<div class=\"MsoNormal\" style=\"text-align: justify;\">\nCORES FEMININAS \u2013 Dir.<br \/>\nB\u00e1rbara Hostin, Giu, J\u00falia Karam, Juliana Trevas, Maria Cardozo, Roberta<br \/>\nGarcia, Sylara Silv\u00e9rio (PE)<\/div>\n<div class=\"MsoNormal\" style=\"text-align: justify;\">\n<\/div>\n<div class=\"MsoNormal\" style=\"text-align: justify;\">\nGEISIELY COM Y \u2013 Dir. Mery<br \/>\nLemos (PE)<\/div>\n<div class=\"MsoNormal\" style=\"text-align: justify;\">\n<\/div>\n<div class=\"MsoNormal\" style=\"text-align: justify;\">\nISIDORO &#8211; Dir.Vania<br \/>\nFernandes e&nbsp; Izaltina Gonzaga (CE)<\/div>\n<div class=\"MsoNormal\" style=\"text-align: justify;\">\n<\/div>\n<div class=\"MsoNormal\" style=\"text-align: justify;\">\nO RASTRO \u2013 Dir. Coletiva<br \/>\n(AL)<\/div>\n<div class=\"MsoNormal\" style=\"text-align: justify;\">\n<\/div>\n<div class=\"MsoNormal\" style=\"text-align: justify;\">\nTAXIDERMIA \u2013 Dir. Est\u00fadio<br \/>\nEscola de Anima\u00e7\u00e3o (RJ)<\/div>\n<div class=\"MsoNormal\" style=\"text-align: justify;\">\n<\/div>\n<div class=\"MsoNormal\" style=\"text-align: justify;\">\n<\/div>\n<div class=\"MsoNormal\" style=\"text-align: justify;\">\n<\/div>\n<div class=\"MsoNormal\" style=\"text-align: justify;\">\nMOSTRA UNIVERSIT\u00c1RIA<\/div>\n<div class=\"MsoNormal\" style=\"text-align: justify;\">\n<\/div>\n<div class=\"MsoNormal\" style=\"text-align: justify;\">\nCuradoria: Amanda Mansur e<br \/>\nBertrand Lira<\/div>\n<div class=\"MsoNormal\" style=\"text-align: justify;\">\n<\/div>\n<div class=\"MsoNormal\" style=\"text-align: justify;\">\n<\/div>\n<div class=\"MsoNormal\" style=\"text-align: justify;\">\n<\/div>\n<div class=\"MsoNormal\" style=\"text-align: justify;\">\n2:59 &#8211; Dir. Antonio<br \/>\nVasconcelos e Christian Pinheiro (PE)<\/div>\n<div class=\"MsoNormal\" style=\"text-align: justify;\">\n<\/div>\n<div class=\"MsoNormal\" style=\"text-align: justify;\">\nASMODEA &#8211; Dir. Thais Lima<br \/>\n(RJ)<\/div>\n<div class=\"MsoNormal\" style=\"text-align: justify;\">\n<\/div>\n<div class=\"MsoNormal\" style=\"text-align: justify;\">\nBRA\u00c7OS VAZIOS \u2013 Dir. Daiana<br \/>\nRocha (ES)&nbsp;&nbsp;&nbsp;&nbsp; <\/div>\n<div class=\"MsoNormal\" style=\"text-align: justify;\">\n<\/div>\n<div class=\"MsoNormal\" style=\"text-align: justify;\">\nCORPO STYLE DANCE MACHINE<br \/>\n\u2013&nbsp; Dir. Ulisses Arthur (BA)<\/div>\n<div class=\"MsoNormal\" style=\"text-align: justify;\">\n<\/div>\n<div class=\"MsoNormal\" style=\"text-align: justify;\">\nENTOADO NEGRO \u2013 Dir.<br \/>\nValtyennya Pires (PB)<\/div>\n<div class=\"MsoNormal\" style=\"text-align: justify;\">\n<\/div>\n<div class=\"MsoNormal\" style=\"text-align: justify;\">\nLA LOBA \u2013 Dir. Julia<br \/>\nNicolescu (RJ)<\/div>\n<div class=\"MsoNormal\" style=\"text-align: justify;\">\n<\/div>\n<div class=\"MsoNormal\" style=\"text-align: justify;\">\nLUTO \u2013 Dir. Edu Camargo (SC)<\/div>\n<div class=\"MsoNormal\" style=\"text-align: justify;\">\n<\/div>\n<div class=\"MsoNormal\" style=\"text-align: justify;\">\nMARIA ADELAIDE \u2013 Dir.<br \/>\nCatarina Almeida (RJ)<\/div>\n<div class=\"MsoNormal\" style=\"text-align: justify;\">\n<\/div>\n<div class=\"MsoNormal\" style=\"text-align: justify;\">\nPROCURA-SE MARINA \u2013 Dir.<br \/>\nYolanda Margarida (GO)<\/div>\n<div class=\"MsoNormal\" style=\"text-align: justify;\">\n<\/div>\n<div class=\"MsoNormal\" style=\"text-align: justify;\">\n<\/div>\n<div class=\"MsoNormal\" style=\"text-align: justify;\">\n<\/div>\n<div class=\"MsoNormal\" style=\"text-align: justify;\">\nMOSTRA DIVERSIDADE<\/div>\n<div class=\"MsoNormal\" style=\"text-align: justify;\">\n<\/div>\n<div class=\"MsoNormal\" style=\"text-align: justify;\">\nCuradoria: Amanda Mansur,<br \/>\nAmanda Ramos e Bertrand Lira<\/div>\n<div class=\"MsoNormal\" style=\"text-align: justify;\">\n<\/div>\n<div class=\"MsoNormal\" style=\"text-align: justify;\">\n<\/div>\n<div class=\"MsoNormal\" style=\"text-align: justify;\">\n<\/div>\n<div class=\"MsoNormal\" style=\"text-align: justify;\">\nAINDA N\u00c3O &#8211; Dir. Julia Leite<br \/>\n(SP)<\/div>\n<div class=\"MsoNormal\" style=\"text-align: justify;\">\n<\/div>\n<div class=\"MsoNormal\" style=\"text-align: justify;\">\nBALA PERDIDA \u2013 Dir. Sylara<br \/>\nSilv\u00e9rio (PE)<\/div>\n<div class=\"MsoNormal\" style=\"text-align: justify;\">\n<\/div>\n<div class=\"MsoNormal\" style=\"text-align: justify;\">\nBAILE DE FORMATURA \u2013<br \/>\nDir.Lufe Steffen (SP)<\/div>\n<div class=\"MsoNormal\" style=\"text-align: justify;\">\n<\/div>\n<div class=\"MsoNormal\" style=\"text-align: justify;\">\nJO\u00c3O OU MARIA? \u2013 Dir. Mari<br \/>\nAngela Magalh\u00e3es (SP)<\/div>\n<div class=\"MsoNormal\" style=\"text-align: justify;\">\n<\/div>\n<div class=\"MsoNormal\" style=\"text-align: justify;\">\nNA ESQUINA DA MINHA RUA<br \/>\nFAVORITA COM A TUA \u2013 Dir. Alice Name-Bomtempo (RJ)<\/div>\n<div class=\"MsoNormal\" style=\"text-align: justify;\">\n<\/div>\n<div class=\"MsoNormal\" style=\"text-align: justify;\">\nNO FIM DE TUDO &#8211; Dir. Victor<br \/>\nCiriaco (RN)<\/div>\n<div class=\"MsoNormal\" style=\"text-align: justify;\">\n<\/div>\n<div class=\"MsoNormal\" style=\"text-align: justify;\">\nSOBRE UMA BORBOLETA E SEU<br \/>\nCASULO &#8211; Dir. R.B. Lima (PB)<\/div>\n<div class=\"MsoNormal\" style=\"text-align: justify;\">\n<\/div>\n<div class=\"MsoNormal\" style=\"text-align: justify;\">\nTRANS &#8211; Dir. Marcos<br \/>\nMagalh\u00e3es (RJ)<\/div>\n<div class=\"MsoNormal\" style=\"text-align: justify;\">\n<\/div>\n<div class=\"MsoNormal\" style=\"text-align: justify;\">\n<\/div>\n<div class=\"MsoNormal\" style=\"text-align: justify;\">\n<\/div>\n<div class=\"MsoNormal\" style=\"text-align: justify;\">\n&nbsp;CURTAS FANT\u00c1STICOS<\/div>\n<div class=\"MsoNormal\" style=\"text-align: justify;\">\n<\/div>\n<div class=\"MsoNormal\" style=\"text-align: justify;\">\nCuradoria: Alexandre Soares<br \/>\nTaquary e Marcos Buccini<\/div>\n<div class=\"MsoNormal\" style=\"text-align: justify;\">\n<\/div>\n<div class=\"MsoNormal\" style=\"text-align: justify;\">\n<\/div>\n<div class=\"MsoNormal\" style=\"text-align: justify;\">\n<\/div>\n<div class=\"MsoNormal\" style=\"text-align: justify;\">\nA RETIRADA PARA UM CORA\u00c7\u00c3O<br \/>\nBRUTO \u2013 Dir. Marco Antonio Pereira (MG)<\/div>\n<div class=\"MsoNormal\" style=\"text-align: justify;\">\n<\/div>\n<div class=\"MsoNormal\" style=\"text-align: justify;\">\nB.O.Y\u2013 Dir. Lucas S\u00e1 (MA)<\/div>\n<div class=\"MsoNormal\" style=\"text-align: justify;\">\n<\/div>\n<div class=\"MsoNormal\" style=\"text-align: justify;\">\nCEST NE PA UN FILM \u2013 Dir.<br \/>\nIgor Lopes \/ T\u00falio Vasconcelos (PE)<\/div>\n<div class=\"MsoNormal\" style=\"text-align: justify;\">\n<\/div>\n<div class=\"MsoNormal\" style=\"text-align: justify;\">\nCOSMOS (IN VITRO) \u2013 Dir.<br \/>\nRodrigo Faustini dos Santos (SP)<\/div>\n<div class=\"MsoNormal\" style=\"text-align: justify;\">\n<\/div>\n<div class=\"MsoNormal\" style=\"text-align: justify;\">\nMARIA CACHOEIRA &#8211; Dir. Pedro<br \/>\nCarcereri (MG)<\/div>\n<div class=\"MsoNormal\" style=\"text-align: justify;\">\n<\/div>\n<div class=\"MsoNormal\" style=\"text-align: justify;\">\nMIGRA\u00c7\u00c3O- Dir. Cassiana Der<br \/>\nHaroutiounian (SP)<\/div>\n<div class=\"MsoNormal\" style=\"text-align: justify;\">\n<\/div>\n<div class=\"MsoNormal\" style=\"text-align: justify;\">\nO ESPELHO &#8211; Dir. Dynho Silva<br \/>\n(RN)<\/div>\n<div class=\"MsoNormal\" style=\"text-align: justify;\">\n<\/div>\n<div class=\"MsoNormal\" style=\"text-align: justify;\">\nULTRAVIOLETA &#8211; Dir. Dhiones<br \/>\ndo Congo (PB)<\/div>\n<div class=\"MsoNormal\" style=\"text-align: justify;\">\n<\/div>\n<div class=\"MsoNormal\" style=\"text-align: justify;\">\n<\/div>\n<div class=\"MsoNormal\" style=\"text-align: justify;\">\n<\/div>\n<div class=\"MsoNormal\" style=\"text-align: justify;\">\nMOSTRA CRIANCINE<\/div>\n<div class=\"MsoNormal\" style=\"text-align: justify;\">\n<\/div>\n<div class=\"MsoNormal\" style=\"text-align: justify;\">\nCuradoria: Devyd Santos e<br \/>\nRosinha Assis<\/div>\n<div class=\"MsoNormal\" style=\"text-align: justify;\">\n<\/div>\n<div class=\"MsoNormal\" style=\"text-align: justify;\">\n<\/div>\n<div class=\"MsoNormal\" style=\"text-align: justify;\">\n<\/div>\n<div class=\"MsoNormal\" style=\"text-align: justify;\">\nO MENINO LE\u00c3O E A MENINA<br \/>\nCORUJA \u2013 Dir. Renan Montenegro (DF)<\/div>\n<div class=\"MsoNormal\" style=\"text-align: justify;\">\n<\/div>\n<div class=\"MsoNormal\" style=\"text-align: justify;\">\nPEDRO E O VELHO CHICO \u2013 Dir.<br \/>\nRenato Gaia (MG)<\/div>\n<div class=\"MsoNormal\" style=\"text-align: justify;\">\n<\/div>\n<div class=\"MsoNormal\" style=\"text-align: justify;\">\nPR\u00d3XIMA \u2013 Dir. Luiza Campos<br \/>\n(SP)<\/div>\n<div class=\"MsoNormal\" style=\"text-align: justify;\">\n<\/div>\n<div class=\"MsoNormal\" style=\"text-align: justify;\">\nSOLITO \u2013 Dir. Eduardo Reis<br \/>\n(RS)<\/div>\n<div class=\"MsoNormal\" style=\"text-align: justify;\">\n<\/div>\n<div class=\"MsoNormal\" style=\"text-align: justify;\">\nUMA AVENTURA NA CAATINGA \u2013<br \/>\nDir. Laercio Filho (PB)<\/div>\n<div class=\"MsoNormal\" style=\"text-align: justify;\">\n<\/div>\n<div class=\"MsoNormal\" style=\"text-align: justify;\">\n<\/div>\n<div class=\"MsoNormal\" style=\"text-align: justify;\">\n<\/div>\n<div class=\"MsoNormal\" style=\"text-align: justify;\">\nMOSTRA OLHARES<\/div>\n<div class=\"MsoNormal\" style=\"text-align: justify;\">\n<\/div>\n<div class=\"MsoNormal\" style=\"text-align: justify;\">\n<\/div>\n<div class=\"MsoNormal\" style=\"text-align: justify;\">\n<\/div>\n<div class=\"MsoNormal\" style=\"text-align: justify;\">\nESCOLHAS &#8211; Dir. Ivann Willig<br \/>\n(RJ)<\/div>\n<div class=\"MsoNormal\" style=\"text-align: justify;\">\n<\/div>\n<div class=\"MsoNormal\" style=\"text-align: justify;\">\nEST\u00c1 TUDO AQUI&#8230;EM ALGUM<br \/>\nLUGAR &#8211; Dir. Fabi Penna(SC)<\/div>\n<div class=\"MsoNormal\" style=\"text-align: justify;\">\n<\/div>\n<div class=\"MsoNormal\" style=\"text-align: justify;\">\nO CONSERTADOR DE COISAS &#8211;<br \/>\nDir. Marcos Buccini (PE)<\/div>\n<div class=\"MsoNormal\" style=\"text-align: justify;\">\n<\/div>\n<div class=\"MsoNormal\" style=\"text-align: justify;\">\nSULANCA (PE) &#8211; Dir. K\u00e1tia<br \/>\nMesel<\/div>\n<div class=\"MsoNormal\" style=\"text-align: justify;\">\n<\/div>\n<div class=\"MsoNormal\" style=\"text-align: justify;\">\nVENTRE MORTO &#8211; Dir. David<br \/>\nHenrique (PE)<\/div>\n<div class=\"MsoNormal\" style=\"text-align: justify;\">\n<\/div>\n<div class=\"MsoNormal\" style=\"text-align: justify;\">\nVIDAS CINZAS \u2013 Dir. Leonardo<br \/>\nMartinelli (RJ)<\/div>\n<div class=\"MsoNormal\" style=\"text-align: justify;\">\n<\/div>\n<div class=\"MsoNormal\" style=\"text-align: justify;\">\nWONDERFULL \u2013 MEU EU EM MIM &#8211;<br \/>\nDir. D\u00e1rio Jr (AL)<\/div>\n<div class=\"MsoNormal\" style=\"text-align: justify;\">\n<\/div>\n<div class=\"MsoNormal\" style=\"text-align: justify;\">\n<\/div>\n<div class=\"MsoNormal\" style=\"text-align: justify;\">\n<\/div>\n<div class=\"MsoNormal\" style=\"text-align: justify;\">\nSESS\u00c3O ESPECIAL<\/div>\n<div class=\"MsoNormal\" style=\"text-align: justify;\">\n<\/div>\n<div class=\"MsoNormal\" style=\"text-align: justify;\">\n<\/div>\n<div class=\"MsoNormal\" style=\"text-align: justify;\">\n<\/div>\n<div class=\"MsoNormal\" style=\"text-align: justify;\">\nENQUANTO O SOL SE P\u00d5E &#8211;<br \/>\nDir.M\u00e1rcia Lohss (RN)<\/div>\n<div class=\"MsoNormal\" style=\"text-align: justify;\">\n<\/div>\n<div class=\"MsoNormal\" style=\"text-align: justify;\">\nO ESQUEMA \u2013 Dir. Caio<br \/>\nDornelas (PE)<\/div>\n<div class=\"MsoNormal\" style=\"text-align: justify;\">\n<\/div>\n<div class=\"MsoNormal\" style=\"text-align: justify;\">\nMENINA BANDA- Dir.: Breno<br \/>\nCesar (PE)<\/div>\n<div class=\"MsoNormal\" style=\"text-align: justify;\">\n<\/div>\n<div class=\"MsoNormal\" style=\"text-align: justify;\">\nREPULSA \u2013 Dir. Eduardo<br \/>\nMorot\u00f3 (PE)<\/div>\n<div class=\"MsoNormal\" style=\"text-align: justify;\">\n<\/div>\n<div class=\"MsoNormal\" style=\"text-align: justify;\">\nVENDO \u2013 Dir. Jo\u00e3o Vigo (PE)<\/div>\n<div class=\"MsoNormal\" style=\"text-align: justify;\">\n<\/div>\n<div class=\"MsoNormal\" style=\"text-align: justify;\">\n<\/div>\n<div class=\"MsoNormal\" style=\"text-align: justify;\">\n<\/div>\n<div class=\"MsoNormal\" style=\"text-align: justify;\">\n&nbsp;MOSTRA ITINERANTE<\/div>\n<div class=\"MsoNormal\" style=\"text-align: justify;\">\n<\/div>\n<div class=\"MsoNormal\" style=\"text-align: justify;\">\n<\/div>\n<div class=\"MsoNormal\" style=\"text-align: justify;\">\n<\/div>\n<div class=\"MsoNormal\" style=\"text-align: justify;\">\nL\u00c1PIS DE COR \u2013 Dir. Larissa<br \/>\nFulana de Tal (BA)<\/div>\n<div class=\"MsoNormal\" style=\"text-align: justify;\">\n<\/div>\n<div class=\"MsoNormal\" style=\"text-align: justify;\">\nMENINA BONITA DO LA\u00c7O DE<br \/>\nFITA &#8211; Dir. Diego Lopes e Claudio Bitencourt (PR)<\/div>\n<div class=\"MsoNormal\" style=\"text-align: justify;\">\n<\/div>\n<div class=\"MsoNormal\" style=\"text-align: justify;\">\n<\/div>\n<div class=\"MsoNormal\" style=\"text-align: justify;\">\n<\/div>\n<div class=\"MsoNormal\" style=\"text-align: justify;\">\nMOSTRA VEROUVINDO<\/div>\n<div class=\"MsoNormal\" style=\"text-align: justify;\">\n<\/div>\n<div class=\"MsoNormal\" style=\"text-align: justify;\">\nEm parceria com o Festival<br \/>\nVerOuvindo<\/div>\n<div class=\"MsoNormal\" style=\"text-align: justify;\">\n<\/div>\n<div class=\"MsoNormal\" style=\"text-align: justify;\">\n<\/div>\n<div class=\"MsoNormal\" style=\"text-align: justify;\">\n<\/div>\n<div class=\"MsoNormal\" style=\"text-align: justify;\">\nCATIMBAU \u2013 Dir. Lucas<br \/>\nCaminha (PE)<\/div>\n<div class=\"MsoNormal\" style=\"text-align: justify;\">\n<\/div>\n<div class=\"MsoNormal\" style=\"text-align: justify;\">\nFOTOGR\u00c1FICA \u2013 Dir. Tila<br \/>\nChitunda (PE)<\/div>\n<div class=\"MsoNormal\" style=\"text-align: justify;\">\n<\/div>\n<div class=\"MsoNormal\" style=\"text-align: justify;\">\nUM BRINDE \u2013 Dir. Jo\u00e3o Vigo<br \/>\n(PE)<\/div>\n<div class=\"MsoNormal\" style=\"text-align: justify;\">\n<\/div>\n<div class=\"MsoNormal\" style=\"text-align: justify;\">\n<\/div>\n<div class=\"MsoNormal\" style=\"text-align: justify;\">\n<\/div>\n<div class=\"MsoNormal\" style=\"text-align: justify;\">\nMOSTRA INTERNACIONAL<\/div>\n<div class=\"MsoNormal\" style=\"text-align: justify;\">\n<\/div>\n<div class=\"MsoNormal\" style=\"text-align: justify;\">\n<\/div>\n<div class=\"MsoNormal\" style=\"text-align: justify;\">\n<\/div>\n<div class=\"MsoNormal\" style=\"text-align: justify;\">\nBIOGRAF\u00cdA DE VIOLETA PARRA<br \/>\nCANTAR CON SENTIDO &#8211; Dir. Leonardo Beltr\u00e1n (Chile)<\/div>\n<div class=\"MsoNormal\" style=\"text-align: justify;\">\n<\/div>\n<div class=\"MsoNormal\" style=\"text-align: justify;\">\nIRMA &#8211; Dir. Alejo Schettini<br \/>\ny Germ\u00e1n Tejeira (Uruguai)<\/div>\n<div class=\"MsoNormal\" style=\"text-align: justify;\">\n<\/div>\n<div class=\"MsoNormal\" style=\"text-align: justify;\">\nLA BOUCHE Dir. Camilo<br \/>\nRestrepo (Fran\u00e7a)<\/div>\n<div class=\"MsoNormal\" style=\"text-align: justify;\">\n<\/div>\n<div class=\"MsoNormal\" style=\"text-align: justify;\">\nPALENQUE Dir. Sebasti\u00e1n<br \/>\nPinz\u00f3n Silva (Colombia)<\/div>\n<div class=\"MsoNormal\" style=\"text-align: justify;\">\n<\/div>\n<div class=\"MsoNormal\" style=\"text-align: justify;\">\nLAS NI\u00d1AS DE UCHITUU &#8211; Dir.<br \/>\nHelena Salgueiro (Colombia)<\/div>\n<p><\/p>\n","protected":false},"excerpt":{"rendered":"<p>O festival de cinema Curta Taquary tem a honra de anunciar os filmes selecionados da sua 11\u00aa edi\u00e7\u00e3o, marcada para&hellip;<\/p>\n","protected":false},"author":1,"featured_media":0,"comment_status":"open","ping_status":"open","sticky":false,"template":"","format":"standard","meta":{"footnotes":""},"categories":[1],"tags":[2,3179,6],"class_list":["post-2881","post","type-post","status-publish","format-standard","hentry","category-sem-categoria","tag-blog-do-edvaldo-magalhaes","tag-festival-de-cinema-curta-taquary-anuncia-filmes-selecionados-da-11a-edicao","tag-noticias"],"_links":{"self":[{"href":"https:\/\/blogdoedvaldomagalhaes.com.br\/index.php\/wp-json\/wp\/v2\/posts\/2881","targetHints":{"allow":["GET"]}}],"collection":[{"href":"https:\/\/blogdoedvaldomagalhaes.com.br\/index.php\/wp-json\/wp\/v2\/posts"}],"about":[{"href":"https:\/\/blogdoedvaldomagalhaes.com.br\/index.php\/wp-json\/wp\/v2\/types\/post"}],"author":[{"embeddable":true,"href":"https:\/\/blogdoedvaldomagalhaes.com.br\/index.php\/wp-json\/wp\/v2\/users\/1"}],"replies":[{"embeddable":true,"href":"https:\/\/blogdoedvaldomagalhaes.com.br\/index.php\/wp-json\/wp\/v2\/comments?post=2881"}],"version-history":[{"count":1,"href":"https:\/\/blogdoedvaldomagalhaes.com.br\/index.php\/wp-json\/wp\/v2\/posts\/2881\/revisions"}],"predecessor-version":[{"id":29356,"href":"https:\/\/blogdoedvaldomagalhaes.com.br\/index.php\/wp-json\/wp\/v2\/posts\/2881\/revisions\/29356"}],"wp:attachment":[{"href":"https:\/\/blogdoedvaldomagalhaes.com.br\/index.php\/wp-json\/wp\/v2\/media?parent=2881"}],"wp:term":[{"taxonomy":"category","embeddable":true,"href":"https:\/\/blogdoedvaldomagalhaes.com.br\/index.php\/wp-json\/wp\/v2\/categories?post=2881"},{"taxonomy":"post_tag","embeddable":true,"href":"https:\/\/blogdoedvaldomagalhaes.com.br\/index.php\/wp-json\/wp\/v2\/tags?post=2881"}],"curies":[{"name":"wp","href":"https:\/\/api.w.org\/{rel}","templated":true}]}}