{"id":2880,"date":"2018-03-28T10:30:00","date_gmt":"2018-03-28T13:30:00","guid":{"rendered":"http:\/\/blogdoedvaldomagalhaes.com.br\/index.php\/2018\/03\/28\/piso-salarial-dos-professores-e\/"},"modified":"2019-02-09T02:07:06","modified_gmt":"2019-02-09T04:07:06","slug":"piso-salarial-dos-professores-e","status":"publish","type":"post","link":"https:\/\/blogdoedvaldomagalhaes.com.br\/index.php\/2018\/03\/28\/piso-salarial-dos-professores-e\/","title":{"rendered":"Piso salarial dos professores e CaruaruPrev em vota\u00e7\u00e3o na reuni\u00e3o ordin\u00e1ria da C\u00e2mara de Caruaru nesta quarta-feira"},"content":{"rendered":"<div class=\"separator\" style=\"clear: both; text-align: center;\">\n<a href=\"https:\/\/3.bp.blogspot.com\/-AvVA9CFlKFA\/Wrtuf7VOH4I\/AAAAAAAAs_0\/e8nX4JnHKk4AHqdkn3s6QJnPkgDgnniIACLcBGAs\/s1600\/camara.jpg\" imageanchor=\"1\" style=\"margin-left: 1em; margin-right: 1em;\"><img loading=\"lazy\" decoding=\"async\" border=\"0\" data-original-height=\"270\" data-original-width=\"399\" height=\"430\" src=\"http:\/\/blogdoedvaldomagalhaes.com.br\/wp-content\/uploads\/2018\/03\/camara-2.jpg\" width=\"640\" \/><\/a><\/div>\n<div class=\"separator\" style=\"clear: both; text-align: center;\">\nFoto: Vladimir Barreto Rodrigues<\/div>\n<div style=\"background-color: white; box-sizing: border-box; line-height: 24px; margin-bottom: 10px; text-align: justify;\">\n<\/div>\n<div style=\"background-color: white; box-sizing: border-box; line-height: 24px; margin-bottom: 10px; text-align: justify;\">\nA C\u00e2mara de Vereadores de Caruaru ter\u00e1 uma quarta-feira (28) bastante movimentada. As atividades come\u00e7am com um caf\u00e9 da manh\u00e3 para celebra\u00e7\u00e3o da Semana Santa, seguido de uma reuni\u00e3o de comiss\u00f5es e \u00e0 tarde sess\u00e3o extraordin\u00e1ria para vota\u00e7\u00e3o de projetos de lei de autoria do Poder Executivo.<\/div>\n<div style=\"background-color: white; box-sizing: border-box; line-height: 24px; margin-bottom: 10px; text-align: justify;\">\nOs projetos tratam do reparcelamento e parcelamento de obriga\u00e7\u00f5es previdenci\u00e1rias do CaruaruPrev, plano de custeio referente ao exerc\u00edcio financeiro de 2017 e atualiza\u00e7\u00e3o do piso salarial dos profissionais do magist\u00e9rio p\u00fablico da educa\u00e7\u00e3o b\u00e1sica.<\/div>\n","protected":false},"excerpt":{"rendered":"<p>Foto: Vladimir Barreto Rodrigues A C\u00e2mara de Vereadores de Caruaru ter\u00e1 uma quarta-feira (28) bastante movimentada. As atividades come\u00e7am com&hellip;<\/p>\n","protected":false},"author":1,"featured_media":0,"comment_status":"open","ping_status":"open","sticky":false,"template":"","format":"standard","meta":{"footnotes":""},"categories":[1],"tags":[2,3178,13],"class_list":["post-2880","post","type-post","status-publish","format-standard","hentry","category-sem-categoria","tag-blog-do-edvaldo-magalhaes","tag-piso-salarial-dos-professores-e-caruaruprev-em-votacao-na-reuniao-ordinaria-da-camara-de-caruaru-nesta-quarta-feira","tag-policial"],"_links":{"self":[{"href":"https:\/\/blogdoedvaldomagalhaes.com.br\/index.php\/wp-json\/wp\/v2\/posts\/2880","targetHints":{"allow":["GET"]}}],"collection":[{"href":"https:\/\/blogdoedvaldomagalhaes.com.br\/index.php\/wp-json\/wp\/v2\/posts"}],"about":[{"href":"https:\/\/blogdoedvaldomagalhaes.com.br\/index.php\/wp-json\/wp\/v2\/types\/post"}],"author":[{"embeddable":true,"href":"https:\/\/blogdoedvaldomagalhaes.com.br\/index.php\/wp-json\/wp\/v2\/users\/1"}],"replies":[{"embeddable":true,"href":"https:\/\/blogdoedvaldomagalhaes.com.br\/index.php\/wp-json\/wp\/v2\/comments?post=2880"}],"version-history":[{"count":1,"href":"https:\/\/blogdoedvaldomagalhaes.com.br\/index.php\/wp-json\/wp\/v2\/posts\/2880\/revisions"}],"predecessor-version":[{"id":29358,"href":"https:\/\/blogdoedvaldomagalhaes.com.br\/index.php\/wp-json\/wp\/v2\/posts\/2880\/revisions\/29358"}],"wp:attachment":[{"href":"https:\/\/blogdoedvaldomagalhaes.com.br\/index.php\/wp-json\/wp\/v2\/media?parent=2880"}],"wp:term":[{"taxonomy":"category","embeddable":true,"href":"https:\/\/blogdoedvaldomagalhaes.com.br\/index.php\/wp-json\/wp\/v2\/categories?post=2880"},{"taxonomy":"post_tag","embeddable":true,"href":"https:\/\/blogdoedvaldomagalhaes.com.br\/index.php\/wp-json\/wp\/v2\/tags?post=2880"}],"curies":[{"name":"wp","href":"https:\/\/api.w.org\/{rel}","templated":true}]}}