{"id":2875,"date":"2018-03-28T22:29:00","date_gmt":"2018-03-29T01:29:00","guid":{"rendered":"http:\/\/blogdoedvaldomagalhaes.com.br\/index.php\/2018\/03\/28\/prf-reforca-fiscalizacao-durante\/"},"modified":"2019-02-09T02:07:10","modified_gmt":"2019-02-09T04:07:10","slug":"prf-reforca-fiscalizacao-durante","status":"publish","type":"post","link":"https:\/\/blogdoedvaldomagalhaes.com.br\/index.php\/2018\/03\/28\/prf-reforca-fiscalizacao-durante\/","title":{"rendered":"PRF refor\u00e7a fiscaliza\u00e7\u00e3o durante Opera\u00e7\u00e3o Semana Santa em Pernambuco"},"content":{"rendered":"<div class=\"separator\" style=\"clear: both; text-align: center;\">\n<a href=\"https:\/\/1.bp.blogspot.com\/-G9q_fsZDQNU\/WrwXC48ihhI\/AAAAAAAAtB4\/6tLjSjgd5sw7ESUZh3cBE3Fc45BCxxa9ACLcBGAs\/s1600\/prf.jpg\" imageanchor=\"1\" style=\"margin-left: 1em; margin-right: 1em;\"><img loading=\"lazy\" decoding=\"async\" border=\"0\" data-original-height=\"408\" data-original-width=\"616\" height=\"211\" src=\"http:\/\/blogdoedvaldomagalhaes.com.br\/wp-content\/uploads\/2018\/03\/prf-4.jpg\" width=\"320\" \/><\/a><\/div>\n<div class=\"separator\" style=\"clear: both; text-align: center;\">\nFoto: PRF\/Divulga\u00e7\u00e3o<\/div>\n<div class=\"separator\" style=\"clear: both; text-align: center;\">\n<\/div>\n<div style=\"background-color: white; box-sizing: border-box; line-height: 24px; margin-bottom: 10px; text-align: justify;\">\nA Pol\u00edcia Rodovi\u00e1ria Federal (PRF) intensificou a fiscaliza\u00e7\u00e3o nas rodovias federais que levam ao Agreste e ao litoral de Pernambuco, em virtude da Opera\u00e7\u00e3o Semana Santa 2018. O objetivo da a\u00e7\u00e3o \u00e9 reduzir acidentes graves e proporcionar mais seguran\u00e7a a quem viaja nesse per\u00edodo. Al\u00e9m de coibir infra\u00e7\u00f5es, a PRF ir\u00e1 ampliar o policiamento e intensificar as a\u00e7\u00f5es educativas.<\/div>\n<div style=\"background-color: white; box-sizing: border-box; line-height: 24px; margin-bottom: 10px; text-align: justify;\">\nA fiscaliza\u00e7\u00e3o tem como foco as infra\u00e7\u00f5es mais graves, como excesso de velocidade,&nbsp;ultrapassagens indevidas, embriaguez ao volante e falta de equipamentos de seguran\u00e7a (capacete, cinto de seguran\u00e7a e cadeirinhas para crian\u00e7as). Para isso, ser\u00e3o utilizados radares port\u00e1teis e baf\u00f4metros, nos comandos montados em locais estrat\u00e9gicos das rodovias.<\/div>\n<div style=\"background-color: white; box-sizing: border-box; line-height: 24px; margin-bottom: 10px; text-align: justify;\">\nAs a\u00e7\u00f5es educativas ocorrem durante as abordagens aos ve\u00edculos, em que motoristas e passageiros recebem orienta\u00e7\u00f5es e assistem a v\u00eddeos impactantes, sobre cuidados para evitar acidentes. Essa iniciativa intitulada \u201cCinema Rodovi\u00e1rio\u201d busca salvar vidas atrav\u00e9s da mudan\u00e7a de atitudes.<\/div>\n<div style=\"background-color: white; box-sizing: border-box; line-height: 24px; margin-bottom: 10px; text-align: justify;\">\nO policiamento contar\u00e1 com o apoio do N\u00facleo de Opera\u00e7\u00f5es Especiais e dos Grupos de Motociclistas, Opera\u00e7\u00f5es com C\u00e3es e de Patrulhamento T\u00e1tico,&nbsp;especializados no combate ao crime. J\u00e1 a Base de Opera\u00e7\u00f5es A\u00e9reas, que atua em conjunto com o Servi\u00e7o de Atendimento M\u00f3vel de Urg\u00eancia (SAMU), estar\u00e1 de prontid\u00e3o para realizar resgates aerom\u00e9dicos e acompanhar toda a opera\u00e7\u00e3o.<\/div>\n<div>\n<\/div>\n<p><\/p>\n","protected":false},"excerpt":{"rendered":"<p>Foto: PRF\/Divulga\u00e7\u00e3o A Pol\u00edcia Rodovi\u00e1ria Federal (PRF) intensificou a fiscaliza\u00e7\u00e3o nas rodovias federais que levam ao Agreste e ao litoral&hellip;<\/p>\n","protected":false},"author":1,"featured_media":0,"comment_status":"open","ping_status":"open","sticky":false,"template":"","format":"standard","meta":{"footnotes":""},"categories":[1],"tags":[2,13,3173],"class_list":["post-2875","post","type-post","status-publish","format-standard","hentry","category-sem-categoria","tag-blog-do-edvaldo-magalhaes","tag-policial","tag-prf-reforca-fiscalizacao-durante-operacao-semana-santa-em-pernambuco"],"_links":{"self":[{"href":"https:\/\/blogdoedvaldomagalhaes.com.br\/index.php\/wp-json\/wp\/v2\/posts\/2875","targetHints":{"allow":["GET"]}}],"collection":[{"href":"https:\/\/blogdoedvaldomagalhaes.com.br\/index.php\/wp-json\/wp\/v2\/posts"}],"about":[{"href":"https:\/\/blogdoedvaldomagalhaes.com.br\/index.php\/wp-json\/wp\/v2\/types\/post"}],"author":[{"embeddable":true,"href":"https:\/\/blogdoedvaldomagalhaes.com.br\/index.php\/wp-json\/wp\/v2\/users\/1"}],"replies":[{"embeddable":true,"href":"https:\/\/blogdoedvaldomagalhaes.com.br\/index.php\/wp-json\/wp\/v2\/comments?post=2875"}],"version-history":[{"count":1,"href":"https:\/\/blogdoedvaldomagalhaes.com.br\/index.php\/wp-json\/wp\/v2\/posts\/2875\/revisions"}],"predecessor-version":[{"id":29371,"href":"https:\/\/blogdoedvaldomagalhaes.com.br\/index.php\/wp-json\/wp\/v2\/posts\/2875\/revisions\/29371"}],"wp:attachment":[{"href":"https:\/\/blogdoedvaldomagalhaes.com.br\/index.php\/wp-json\/wp\/v2\/media?parent=2875"}],"wp:term":[{"taxonomy":"category","embeddable":true,"href":"https:\/\/blogdoedvaldomagalhaes.com.br\/index.php\/wp-json\/wp\/v2\/categories?post=2875"},{"taxonomy":"post_tag","embeddable":true,"href":"https:\/\/blogdoedvaldomagalhaes.com.br\/index.php\/wp-json\/wp\/v2\/tags?post=2875"}],"curies":[{"name":"wp","href":"https:\/\/api.w.org\/{rel}","templated":true}]}}