{"id":2874,"date":"2018-03-28T22:30:00","date_gmt":"2018-03-29T01:30:00","guid":{"rendered":"http:\/\/blogdoedvaldomagalhaes.com.br\/index.php\/2018\/03\/28\/semana-santa-com-mais-fluidez-nas\/"},"modified":"2019-02-09T02:07:10","modified_gmt":"2019-02-09T04:07:10","slug":"semana-santa-com-mais-fluidez-nas","status":"publish","type":"post","link":"https:\/\/blogdoedvaldomagalhaes.com.br\/index.php\/2018\/03\/28\/semana-santa-com-mais-fluidez-nas\/","title":{"rendered":"Semana Santa com mais fluidez nas rodovias de Pernambuco"},"content":{"rendered":"<div class=\"separator\" style=\"clear: both; text-align: center;\">\n<a href=\"https:\/\/2.bp.blogspot.com\/-qZVFqtnv7kU\/WrwXeBdyPTI\/AAAAAAAAtCA\/_wn4mY1QMFcZ_ukpSmJPvM530bVLhn5pgCLcBGAs\/s1600\/br.jpg\" imageanchor=\"1\" style=\"margin-left: 1em; margin-right: 1em;\"><img loading=\"lazy\" decoding=\"async\" border=\"0\" data-original-height=\"429\" data-original-width=\"500\" height=\"546\" src=\"http:\/\/blogdoedvaldomagalhaes.com.br\/wp-content\/uploads\/2018\/03\/br.jpg\" width=\"640\" \/><\/a><\/div>\n<div class=\"separator\" style=\"clear: both; text-align: center;\">\nFoto: DER\/Divulga\u00e7\u00e3o<\/div>\n<p><\/p>\n<div style=\"background-color: white; box-sizing: border-box; line-height: 24px; margin-bottom: 10px; text-align: justify;\">\nPara facilitar a vida dos motoristas que v\u00e3o pegar as principais estradas pernambucanas neste feriad\u00e3o da Semana Santa, o Departamento de Estradas de Rodagem (DER) desligar\u00e1&nbsp;&nbsp;algumas lombadas eletr\u00f4nicas localizadas em pontos estrat\u00e9gicos&nbsp;da Regi\u00e3o Metropolitana do Recife, nas PEs 035 e 060 e na BR-232. Os equipamentos&nbsp;&nbsp;deixar\u00e3o de funcionar a partir das 22 horas desta quarta-feira (28), e somente ser\u00e3o religados \u00e0s 5h, da segunda-feira (02).<\/div>\n<div style=\"background-color: white; box-sizing: border-box; line-height: 24px; margin-bottom: 10px; text-align: justify;\">\nA medida visa evitar congestionamentos nas rodovias de maior movimento.&nbsp;&nbsp;A previs\u00e3o \u00e9 um aumento di\u00e1rio de 30% nos hor\u00e1rios mais movimentados. Al\u00e9m disso, o DER montou um esquema especial com equipes de fiscaliza\u00e7\u00e3o que atuar\u00e3o na Opera\u00e7\u00e3o Semana Santa. O intuito \u00e9 verificar a documenta\u00e7\u00e3o e condi\u00e7\u00f5es dos ve\u00edculos, al\u00e9m do cumprimento da lei do farol. O uso do cinto de seguran\u00e7a tamb\u00e9m ser\u00e1 verificado.<\/div>\n<div style=\"text-align: justify;\">\n<\/div>\n","protected":false},"excerpt":{"rendered":"<p>Foto: DER\/Divulga\u00e7\u00e3o Para facilitar a vida dos motoristas que v\u00e3o pegar as principais estradas pernambucanas neste feriad\u00e3o da Semana Santa,&hellip;<\/p>\n","protected":false},"author":1,"featured_media":0,"comment_status":"open","ping_status":"open","sticky":false,"template":"","format":"standard","meta":{"footnotes":""},"categories":[1],"tags":[2,6,3172],"class_list":["post-2874","post","type-post","status-publish","format-standard","hentry","category-sem-categoria","tag-blog-do-edvaldo-magalhaes","tag-noticias","tag-semana-santa-com-mais-fluidez-nas-rodovias-de-pernambuco"],"_links":{"self":[{"href":"https:\/\/blogdoedvaldomagalhaes.com.br\/index.php\/wp-json\/wp\/v2\/posts\/2874","targetHints":{"allow":["GET"]}}],"collection":[{"href":"https:\/\/blogdoedvaldomagalhaes.com.br\/index.php\/wp-json\/wp\/v2\/posts"}],"about":[{"href":"https:\/\/blogdoedvaldomagalhaes.com.br\/index.php\/wp-json\/wp\/v2\/types\/post"}],"author":[{"embeddable":true,"href":"https:\/\/blogdoedvaldomagalhaes.com.br\/index.php\/wp-json\/wp\/v2\/users\/1"}],"replies":[{"embeddable":true,"href":"https:\/\/blogdoedvaldomagalhaes.com.br\/index.php\/wp-json\/wp\/v2\/comments?post=2874"}],"version-history":[{"count":1,"href":"https:\/\/blogdoedvaldomagalhaes.com.br\/index.php\/wp-json\/wp\/v2\/posts\/2874\/revisions"}],"predecessor-version":[{"id":29373,"href":"https:\/\/blogdoedvaldomagalhaes.com.br\/index.php\/wp-json\/wp\/v2\/posts\/2874\/revisions\/29373"}],"wp:attachment":[{"href":"https:\/\/blogdoedvaldomagalhaes.com.br\/index.php\/wp-json\/wp\/v2\/media?parent=2874"}],"wp:term":[{"taxonomy":"category","embeddable":true,"href":"https:\/\/blogdoedvaldomagalhaes.com.br\/index.php\/wp-json\/wp\/v2\/categories?post=2874"},{"taxonomy":"post_tag","embeddable":true,"href":"https:\/\/blogdoedvaldomagalhaes.com.br\/index.php\/wp-json\/wp\/v2\/tags?post=2874"}],"curies":[{"name":"wp","href":"https:\/\/api.w.org\/{rel}","templated":true}]}}