{"id":2872,"date":"2018-03-29T00:28:00","date_gmt":"2018-03-29T03:28:00","guid":{"rendered":"http:\/\/blogdoedvaldomagalhaes.com.br\/index.php\/2018\/03\/29\/radialista-morre-em-acidente-de\/"},"modified":"2019-02-09T02:07:11","modified_gmt":"2019-02-09T04:07:11","slug":"radialista-morre-em-acidente-de","status":"publish","type":"post","link":"https:\/\/blogdoedvaldomagalhaes.com.br\/index.php\/2018\/03\/29\/radialista-morre-em-acidente-de\/","title":{"rendered":"Radialista morre em acidente de tr\u00e2nsito em Palmares"},"content":{"rendered":"<div class=\"separator\" style=\"clear: both; text-align: center;\">\n<a href=\"https:\/\/1.bp.blogspot.com\/-PSQTtnyrpEg\/WrwzNF5UWxI\/AAAAAAAAtDg\/LqN-kXwdHXQIScwTBgSZ_jYTqPSW09i8wCLcBGAs\/s1600\/ele.jpg\" imageanchor=\"1\" style=\"margin-left: 1em; margin-right: 1em;\"><img loading=\"lazy\" decoding=\"async\" border=\"0\" data-original-height=\"426\" data-original-width=\"640\" height=\"424\" src=\"http:\/\/blogdoedvaldomagalhaes.com.br\/wp-content\/uploads\/2018\/03\/ele-10.jpg\" width=\"640\" \/><\/a><\/div>\n<div style=\"background-color: white; box-sizing: border-box; line-height: 24px; margin-bottom: 10px; text-align: justify;\">\n<\/div>\n<div style=\"background-color: white; box-sizing: border-box; line-height: 24px; margin-bottom: 10px; text-align: justify;\">\nO radialista Gustavo Manoel, da R\u00e1dio Nova Quilombo, morreu em um acidente de tr\u00e2nsito na sa\u00edda de Palmares para Catende. A trag\u00e9dia aconteceu no in\u00edcio desta noite desta quarta-feira (28).<\/div>\n<div style=\"background-color: white; box-sizing: border-box; line-height: 24px; margin-bottom: 10px; text-align: justify;\">\nGustavo chegou a ser socorrido pelo Samu para o Hospital Regional de Palmares, mas n\u00e3o resistiu aos ferimentos. As causas do acidente est\u00e3o sendo investigadas pela pol\u00edcia.<\/div>\n<div style=\"background-color: white; box-sizing: border-box; line-height: 24px; margin-bottom: 10px; text-align: justify;\">\nO radialista conduzia uma motocicleta com uma pessoa na garupa que ficou gravemente ferida. A moto em que as v\u00edtimas estavam colidiu com um Fiat Uno.<\/p>\n<div class=\"separator\" style=\"clear: both; text-align: center;\">\n<a href=\"https:\/\/1.bp.blogspot.com\/-OwBnF4d73o4\/WrwzUG4cjfI\/AAAAAAAAtDk\/hBHfhxrOHN8jlFOzgs_qNK9re_tGay2jgCLcBGAs\/s1600\/1.jpg\" imageanchor=\"1\" style=\"margin-left: 1em; margin-right: 1em;\"><img loading=\"lazy\" decoding=\"async\" border=\"0\" data-original-height=\"429\" data-original-width=\"343\" height=\"640\" src=\"http:\/\/blogdoedvaldomagalhaes.com.br\/wp-content\/uploads\/2018\/03\/1-11.jpg\" width=\"510\" \/><\/a><\/div>\n<p><\/div>\n<div style=\"background-color: white; box-sizing: border-box; line-height: 24px; margin-bottom: 10px; text-align: justify;\">\nA outra v\u00edtima que estava com Gustavo foi atendida no hospital de Palmares e em seguida transferida para uma unidade hospitalar mais avan\u00e7ada na capital pernambucana.<\/div>\n","protected":false},"excerpt":{"rendered":"<p>O radialista Gustavo Manoel, da R\u00e1dio Nova Quilombo, morreu em um acidente de tr\u00e2nsito na sa\u00edda de Palmares para Catende.&hellip;<\/p>\n","protected":false},"author":1,"featured_media":0,"comment_status":"open","ping_status":"open","sticky":false,"template":"","format":"standard","meta":{"footnotes":""},"categories":[1],"tags":[2,6,3170],"class_list":["post-2872","post","type-post","status-publish","format-standard","hentry","category-sem-categoria","tag-blog-do-edvaldo-magalhaes","tag-noticias","tag-radialista-morre-em-acidente-de-transito-em-palmares"],"_links":{"self":[{"href":"https:\/\/blogdoedvaldomagalhaes.com.br\/index.php\/wp-json\/wp\/v2\/posts\/2872","targetHints":{"allow":["GET"]}}],"collection":[{"href":"https:\/\/blogdoedvaldomagalhaes.com.br\/index.php\/wp-json\/wp\/v2\/posts"}],"about":[{"href":"https:\/\/blogdoedvaldomagalhaes.com.br\/index.php\/wp-json\/wp\/v2\/types\/post"}],"author":[{"embeddable":true,"href":"https:\/\/blogdoedvaldomagalhaes.com.br\/index.php\/wp-json\/wp\/v2\/users\/1"}],"replies":[{"embeddable":true,"href":"https:\/\/blogdoedvaldomagalhaes.com.br\/index.php\/wp-json\/wp\/v2\/comments?post=2872"}],"version-history":[{"count":1,"href":"https:\/\/blogdoedvaldomagalhaes.com.br\/index.php\/wp-json\/wp\/v2\/posts\/2872\/revisions"}],"predecessor-version":[{"id":29378,"href":"https:\/\/blogdoedvaldomagalhaes.com.br\/index.php\/wp-json\/wp\/v2\/posts\/2872\/revisions\/29378"}],"wp:attachment":[{"href":"https:\/\/blogdoedvaldomagalhaes.com.br\/index.php\/wp-json\/wp\/v2\/media?parent=2872"}],"wp:term":[{"taxonomy":"category","embeddable":true,"href":"https:\/\/blogdoedvaldomagalhaes.com.br\/index.php\/wp-json\/wp\/v2\/categories?post=2872"},{"taxonomy":"post_tag","embeddable":true,"href":"https:\/\/blogdoedvaldomagalhaes.com.br\/index.php\/wp-json\/wp\/v2\/tags?post=2872"}],"curies":[{"name":"wp","href":"https:\/\/api.w.org\/{rel}","templated":true}]}}