{"id":2871,"date":"2018-03-29T00:37:00","date_gmt":"2018-03-29T03:37:00","guid":{"rendered":"http:\/\/blogdoedvaldomagalhaes.com.br\/index.php\/2018\/03\/29\/atriz-rita-guedes-exibe-corpo-sequinho\/"},"modified":"2019-02-09T02:07:12","modified_gmt":"2019-02-09T04:07:12","slug":"atriz-rita-guedes-exibe-corpo-sequinho","status":"publish","type":"post","link":"https:\/\/blogdoedvaldomagalhaes.com.br\/index.php\/2018\/03\/29\/atriz-rita-guedes-exibe-corpo-sequinho\/","title":{"rendered":"Atriz Rita Guedes exibe corpo sequinho em dia de sol"},"content":{"rendered":"<div class=\"separator\" style=\"clear: both; text-align: center;\">\n<a href=\"https:\/\/1.bp.blogspot.com\/-GYPyQY7RVIw\/Wrw0fwv5OEI\/AAAAAAAAtDw\/yzZeSZ1rDsQCNAaAaLcXOqMfjInML03JACLcBGAs\/s1600\/2.JPG\" imageanchor=\"1\" style=\"margin-left: 1em; margin-right: 1em;\"><img loading=\"lazy\" decoding=\"async\" border=\"0\" data-original-height=\"683\" data-original-width=\"1024\" height=\"426\" src=\"http:\/\/blogdoedvaldomagalhaes.com.br\/wp-content\/uploads\/2018\/03\/2-9.jpg\" width=\"640\" \/><\/a><\/div>\n<div style=\"text-align: center;\">\n&nbsp;Fotos: Felipe Souto Maior\/Divulga\u00e7\u00e3o<\/div>\n<div class=\"separator\" style=\"clear: both; text-align: center;\">\n<a href=\"https:\/\/3.bp.blogspot.com\/-3B9SNI3ppkM\/Wrw0g7FzRyI\/AAAAAAAAtD0\/GXdDi7k2GXUwr2trv1jlX7TkNWgLWCg7gCLcBGAs\/s1600\/5.JPG\" imageanchor=\"1\" style=\"margin-left: 1em; margin-right: 1em;\"><img loading=\"lazy\" decoding=\"async\" border=\"0\" data-original-height=\"683\" data-original-width=\"1024\" height=\"426\" src=\"http:\/\/blogdoedvaldomagalhaes.com.br\/wp-content\/uploads\/2018\/03\/5-4.jpg\" width=\"640\" \/><\/a><\/div>\n<div style=\"background-color: white; text-align: justify;\">\n<\/div>\n<div style=\"background-color: white; text-align: justify;\">\nRita Guedes tirou a tarde desta quarta-feira (28), para curtir a piscina da Pousada da Paix\u00e3o, antes de mais uma apresenta\u00e7\u00e3o da 51\u00aa edi\u00e7\u00e3o da Paix\u00e3o de Cristo de Nova Jerusal\u00e9m, que da vida \u00e0 personagem b\u00edblica Madalena, no munic\u00edpio de Brejo da Madre de Deus, em Pernambuco.<\/div>\n<div style=\"background-color: white; text-align: justify;\">\n<\/div>\n<div class=\"separator\" style=\"clear: both; text-align: center;\">\n<a href=\"https:\/\/2.bp.blogspot.com\/-jjPAEqJ2C3U\/Wrw0uN7aylI\/AAAAAAAAtD4\/TAxhsi7ue3s3y-rWJfURFTQyqv37ix58gCLcBGAs\/s1600\/6.JPG\" imageanchor=\"1\" style=\"margin-left: 1em; margin-right: 1em;\"><img loading=\"lazy\" decoding=\"async\" border=\"0\" data-original-height=\"683\" data-original-width=\"1024\" height=\"426\" src=\"http:\/\/blogdoedvaldomagalhaes.com.br\/wp-content\/uploads\/2018\/03\/6-3.jpg\" width=\"640\" \/><\/a><\/div>\n<p><\/p>\n<div class=\"separator\" style=\"clear: both; text-align: center;\">\n<a href=\"https:\/\/3.bp.blogspot.com\/-ZQTLj30zGvA\/Wrw0uxc3SFI\/AAAAAAAAtD8\/OwAKeyY0YNMP2pGOxt7g-VNqMsFYd1CjACLcBGAs\/s1600\/7.JPG\" imageanchor=\"1\" style=\"margin-left: 1em; margin-right: 1em;\"><img loading=\"lazy\" decoding=\"async\" border=\"0\" data-original-height=\"683\" data-original-width=\"1024\" height=\"426\" src=\"http:\/\/blogdoedvaldomagalhaes.com.br\/wp-content\/uploads\/2018\/03\/7-3.jpg\" width=\"640\" \/><\/a><\/div>\n<p><\/p>\n<div class=\"separator\" style=\"clear: both; text-align: center;\">\n<a href=\"https:\/\/4.bp.blogspot.com\/-yNedEO6u4Dw\/Wrw0vjazJ-I\/AAAAAAAAtEA\/5mGHh_3QUeI2ybMICOpMObU1krtwINhWwCLcBGAs\/s1600\/8.JPG\" imageanchor=\"1\" style=\"margin-left: 1em; margin-right: 1em;\"><img loading=\"lazy\" decoding=\"async\" border=\"0\" data-original-height=\"683\" data-original-width=\"1024\" height=\"426\" src=\"http:\/\/blogdoedvaldomagalhaes.com.br\/wp-content\/uploads\/2018\/03\/8-1.jpg\" width=\"640\" \/><\/a><\/div>\n<div style=\"background-color: white; text-align: justify;\">\n<\/div>\n<div style=\"background-color: white; text-align: justify;\">\nAos 46 anos, a atriz exibiu um corpo sequinho e algumas tatuagens ao lado da amiga atriz de elenco, Fabiana Pirro.<\/div>\n<div style=\"background-color: white; text-align: justify;\">\n<\/div>\n<div class=\"separator\" style=\"clear: both; text-align: center;\">\n<a href=\"https:\/\/1.bp.blogspot.com\/-wH1UmRlef3I\/Wrw1DdNVn0I\/AAAAAAAAtEI\/1dBdZRBNktArseze-GhJ0lXlPjQflOAUQCLcBGAs\/s1600\/3.JPG\" imageanchor=\"1\" style=\"margin-left: 1em; margin-right: 1em;\"><img loading=\"lazy\" decoding=\"async\" border=\"0\" data-original-height=\"1024\" data-original-width=\"683\" height=\"640\" src=\"http:\/\/blogdoedvaldomagalhaes.com.br\/wp-content\/uploads\/2018\/03\/3-4.jpg\" width=\"426\" \/><\/a><\/div>\n","protected":false},"excerpt":{"rendered":"<p>&nbsp;Fotos: Felipe Souto Maior\/Divulga\u00e7\u00e3o Rita Guedes tirou a tarde desta quarta-feira (28), para curtir a piscina da Pousada da Paix\u00e3o,&hellip;<\/p>\n","protected":false},"author":1,"featured_media":0,"comment_status":"open","ping_status":"open","sticky":false,"template":"","format":"standard","meta":{"footnotes":""},"categories":[1],"tags":[3169,2,6],"class_list":["post-2871","post","type-post","status-publish","format-standard","hentry","category-sem-categoria","tag-atriz-rita-guedes-exibe-corpo-sequinho-em-dia-de-sol","tag-blog-do-edvaldo-magalhaes","tag-noticias"],"_links":{"self":[{"href":"https:\/\/blogdoedvaldomagalhaes.com.br\/index.php\/wp-json\/wp\/v2\/posts\/2871","targetHints":{"allow":["GET"]}}],"collection":[{"href":"https:\/\/blogdoedvaldomagalhaes.com.br\/index.php\/wp-json\/wp\/v2\/posts"}],"about":[{"href":"https:\/\/blogdoedvaldomagalhaes.com.br\/index.php\/wp-json\/wp\/v2\/types\/post"}],"author":[{"embeddable":true,"href":"https:\/\/blogdoedvaldomagalhaes.com.br\/index.php\/wp-json\/wp\/v2\/users\/1"}],"replies":[{"embeddable":true,"href":"https:\/\/blogdoedvaldomagalhaes.com.br\/index.php\/wp-json\/wp\/v2\/comments?post=2871"}],"version-history":[{"count":1,"href":"https:\/\/blogdoedvaldomagalhaes.com.br\/index.php\/wp-json\/wp\/v2\/posts\/2871\/revisions"}],"predecessor-version":[{"id":29385,"href":"https:\/\/blogdoedvaldomagalhaes.com.br\/index.php\/wp-json\/wp\/v2\/posts\/2871\/revisions\/29385"}],"wp:attachment":[{"href":"https:\/\/blogdoedvaldomagalhaes.com.br\/index.php\/wp-json\/wp\/v2\/media?parent=2871"}],"wp:term":[{"taxonomy":"category","embeddable":true,"href":"https:\/\/blogdoedvaldomagalhaes.com.br\/index.php\/wp-json\/wp\/v2\/categories?post=2871"},{"taxonomy":"post_tag","embeddable":true,"href":"https:\/\/blogdoedvaldomagalhaes.com.br\/index.php\/wp-json\/wp\/v2\/tags?post=2871"}],"curies":[{"name":"wp","href":"https:\/\/api.w.org\/{rel}","templated":true}]}}