{"id":2864,"date":"2018-03-29T21:38:00","date_gmt":"2018-03-30T00:38:00","guid":{"rendered":"http:\/\/blogdoedvaldomagalhaes.com.br\/index.php\/2018\/03\/29\/victor-fasano-e-tietado-por-hospedes-da\/"},"modified":"2019-02-09T02:07:21","modified_gmt":"2019-02-09T04:07:21","slug":"victor-fasano-e-tietado-por-hospedes-da","status":"publish","type":"post","link":"https:\/\/blogdoedvaldomagalhaes.com.br\/index.php\/2018\/03\/29\/victor-fasano-e-tietado-por-hospedes-da\/","title":{"rendered":"Victor Fasano \u00e9 tietado por hospedes da Pousada da Paix\u00e3o"},"content":{"rendered":"<div class=\"separator\" style=\"clear: both; text-align: center;\">\n<a href=\"https:\/\/4.bp.blogspot.com\/-j7_sZcFKPNk\/Wr1b_vUQQQI\/AAAAAAAAtIo\/mh6v88t8PUAP7-T78z9zBYAk8WpJwLxWgCLcBGAs\/s1600\/vitor%2B5.JPG\" imageanchor=\"1\" style=\"margin-left: 1em; margin-right: 1em;\"><img loading=\"lazy\" decoding=\"async\" border=\"0\" data-original-height=\"683\" data-original-width=\"1024\" height=\"426\" src=\"http:\/\/blogdoedvaldomagalhaes.com.br\/wp-content\/uploads\/2018\/03\/vitor5.jpg\" width=\"640\" \/><\/a><\/div>\n<div class=\"separator\" style=\"clear: both; text-align: center;\">\nFotos: Felipe Souto Maior\/Divulga\u00e7\u00e3o<\/div>\n<div style=\"background-color: white; text-align: justify;\">\n<\/div>\n<div style=\"background-color: white; text-align: justify;\">\nVictor Fasano saiu para malhar em uma academia em Caruaru nesta quinta-feira (29), e ao retornar para Pousada da Paix\u00e3o, que fica dentro da cidade teatro de Nova Jerusal\u00e9m, o ator que d\u00e1 vida ao rei Herodes foi bastante tietado pelos hospedes que se encontraram no momento. Simp\u00e1tico, Fasano tirou fotos, brincou e fez caretas.<\/div>\n<div style=\"background-color: white; text-align: justify;\">\n<\/div>\n<div class=\"separator\" style=\"clear: both; text-align: center;\">\n<a href=\"https:\/\/1.bp.blogspot.com\/-2sGtTAy-9og\/Wr1cMHxUcoI\/AAAAAAAAtIs\/i02Hi7t4x78LyW2ygP_vgYDXfxsA20eOgCLcBGAs\/s1600\/victor%2B1.JPG\" imageanchor=\"1\" style=\"margin-left: 1em; margin-right: 1em;\"><img loading=\"lazy\" decoding=\"async\" border=\"0\" data-original-height=\"683\" data-original-width=\"1024\" height=\"426\" src=\"http:\/\/blogdoedvaldomagalhaes.com.br\/wp-content\/uploads\/2018\/03\/victor1.jpg\" width=\"640\" \/><\/a><\/div>\n<div style=\"background-color: white; text-align: justify;\">\n<\/div>\n<div style=\"background-color: white; text-align: justify;\">\nQuem se hospeda na Pousada da Paix\u00e3o nos dias da Paix\u00e3o de Cristo de Nova Jerusal\u00e9m, tem uma serie de comodidades, entre elas participar como figura\u00e7\u00e3o da pe\u00e7a, acesso aos atores quando est\u00e3o circulando pela pousada, entre outras coisas.<\/div>\n<div style=\"background-color: white; text-align: justify;\">\n<\/div>\n<div class=\"separator\" style=\"clear: both; text-align: center;\">\n<a href=\"https:\/\/1.bp.blogspot.com\/-DzdnqsQaoNs\/Wr1csH6Qo1I\/AAAAAAAAtI8\/oSCo341oufgCWcO_F9CemfkBbkQ0_6hawCLcBGAs\/s1600\/%25C3%25BAltima.JPG\" imageanchor=\"1\" style=\"margin-left: 1em; margin-right: 1em;\"><img loading=\"lazy\" decoding=\"async\" border=\"0\" data-original-height=\"683\" data-original-width=\"1024\" height=\"426\" src=\"http:\/\/blogdoedvaldomagalhaes.com.br\/wp-content\/uploads\/2018\/03\/C3BAltima.jpg\" width=\"640\" \/><\/a><\/div>\n<div class=\"separator\" style=\"clear: both; text-align: center;\">\n<\/div>\n","protected":false},"excerpt":{"rendered":"<p>Fotos: Felipe Souto Maior\/Divulga\u00e7\u00e3o Victor Fasano saiu para malhar em uma academia em Caruaru nesta quinta-feira (29), e ao retornar&hellip;<\/p>\n","protected":false},"author":1,"featured_media":0,"comment_status":"open","ping_status":"open","sticky":false,"template":"","format":"standard","meta":{"footnotes":""},"categories":[1],"tags":[2,6,3161],"class_list":["post-2864","post","type-post","status-publish","format-standard","hentry","category-sem-categoria","tag-blog-do-edvaldo-magalhaes","tag-noticias","tag-victor-fasano-e-tietado-por-hospedes-da-pousada-da-paixao"],"_links":{"self":[{"href":"https:\/\/blogdoedvaldomagalhaes.com.br\/index.php\/wp-json\/wp\/v2\/posts\/2864","targetHints":{"allow":["GET"]}}],"collection":[{"href":"https:\/\/blogdoedvaldomagalhaes.com.br\/index.php\/wp-json\/wp\/v2\/posts"}],"about":[{"href":"https:\/\/blogdoedvaldomagalhaes.com.br\/index.php\/wp-json\/wp\/v2\/types\/post"}],"author":[{"embeddable":true,"href":"https:\/\/blogdoedvaldomagalhaes.com.br\/index.php\/wp-json\/wp\/v2\/users\/1"}],"replies":[{"embeddable":true,"href":"https:\/\/blogdoedvaldomagalhaes.com.br\/index.php\/wp-json\/wp\/v2\/comments?post=2864"}],"version-history":[{"count":1,"href":"https:\/\/blogdoedvaldomagalhaes.com.br\/index.php\/wp-json\/wp\/v2\/posts\/2864\/revisions"}],"predecessor-version":[{"id":29406,"href":"https:\/\/blogdoedvaldomagalhaes.com.br\/index.php\/wp-json\/wp\/v2\/posts\/2864\/revisions\/29406"}],"wp:attachment":[{"href":"https:\/\/blogdoedvaldomagalhaes.com.br\/index.php\/wp-json\/wp\/v2\/media?parent=2864"}],"wp:term":[{"taxonomy":"category","embeddable":true,"href":"https:\/\/blogdoedvaldomagalhaes.com.br\/index.php\/wp-json\/wp\/v2\/categories?post=2864"},{"taxonomy":"post_tag","embeddable":true,"href":"https:\/\/blogdoedvaldomagalhaes.com.br\/index.php\/wp-json\/wp\/v2\/tags?post=2864"}],"curies":[{"name":"wp","href":"https:\/\/api.w.org\/{rel}","templated":true}]}}