{"id":2858,"date":"2018-03-30T17:33:00","date_gmt":"2018-03-30T20:33:00","guid":{"rendered":"http:\/\/blogdoedvaldomagalhaes.com.br\/index.php\/2018\/03\/30\/confira-o-calendario-de-abastecimento-5\/"},"modified":"2019-02-09T02:07:29","modified_gmt":"2019-02-09T04:07:29","slug":"confira-o-calendario-de-abastecimento-5","status":"publish","type":"post","link":"https:\/\/blogdoedvaldomagalhaes.com.br\/index.php\/2018\/03\/30\/confira-o-calendario-de-abastecimento-5\/","title":{"rendered":"Confira o calend\u00e1rio de abastecimento da Compesa para abril"},"content":{"rendered":"<p><\/p>\n<div class=\"separator\" style=\"clear: both; text-align: center;\">\n<a href=\"https:\/\/1.bp.blogspot.com\/-JrzQzXE9dKw\/Wr5yMWRVEgI\/AAAAAAAAtLg\/Qti3RAxu4EAFcKR_ejrikidabLifJdRaACLcBGAs\/s1600\/%25C3%25A1gua.jpg\" imageanchor=\"1\" style=\"margin-left: 1em; margin-right: 1em;\"><img loading=\"lazy\" decoding=\"async\" border=\"0\" data-original-height=\"426\" data-original-width=\"640\" height=\"426\" src=\"http:\/\/blogdoedvaldomagalhaes.com.br\/wp-content\/uploads\/2018\/03\/C3A1gua.jpg\" width=\"640\" \/><\/a><\/div>\n<div class=\"content-textcontainer\" style=\"background: white; margin-bottom: .0001pt; margin: 0cm; text-align: justify; vertical-align: baseline;\">\n<strong><br \/><\/strong><\/div>\n<div class=\"content-textcontainer\" data-track-category=\"Link no Texto\" data-track-links=\"\" style=\"background: white; box-sizing: inherit; font-stretch: inherit; font-style: inherit; font-variant: inherit; font-weight: inherit; line-height: inherit; margin: 0cm 0cm 0.0001pt; text-align: justify; vertical-align: baseline;\">\n<strong style=\"box-sizing: inherit; font-stretch: inherit; font-style: inherit; font-variant: inherit; line-height: inherit;\">Nos dias<br \/>\n1\u00ba, 2, 3, 4, 21, 22, 23, 24 e 25:&nbsp;<\/strong>Cidade Jardim, Salgado (Parte Baixa), Loteamento S\u00e3o<br \/>\nJos\u00e9, Centen\u00e1rio, Divin\u00f3polis, Maur\u00edcio de Nassau, Universit\u00e1rio (Parte Baixa),<br \/>\nS\u00e3o Francisco, Jos\u00e9 Liberato e Vila Agamenon.<\/div>\n<div class=\"content-textcontainer\" data-track-category=\"Link no Texto\" data-track-links=\"\" style=\"background: white; box-sizing: inherit; font-size: 1.25rem; font-stretch: inherit; font-style: inherit; font-variant: inherit; font-weight: inherit; line-height: inherit; margin-bottom: .0001pt; margin: 0cm; text-align: justify; vertical-align: baseline;\">\n<\/div>\n<div class=\"content-textcontainer\" data-track-category=\"Link no Texto\" data-track-links=\"\" style=\"background: white; box-sizing: inherit; font-stretch: inherit; font-style: inherit; font-variant: inherit; font-weight: inherit; line-height: inherit; margin: 0cm; text-align: justify; vertical-align: baseline;\">\n<strong style=\"box-sizing: inherit; font-stretch: inherit; font-style: inherit; font-variant: inherit; line-height: inherit;\">Nos dias 6, 7, 8, 9, 10, 26, 27, 28, 29 e 30:&nbsp;<\/strong>Nossa Senhora das Dores, Centro, Vassoural (Parte<br \/>\nBaixa), Santa Rosa (Parte Baixa), Indian\u00f3polis (Parte Baixa e Alta), Riach\u00e3o,<br \/>\nAlto da Balan\u00e7a, Petr\u00f3polis, Parque 18 de Maio, Jardim Liberdade (Alto da<br \/>\nBanana), Residencial Shopping, Favip, Pr\u00e9dios da Brapor, Inocoop, Cedro, Jardim<br \/>\ndos Pinheiros, Monte Sinai, Encanto da Serra e Salgado (Parte Alta).<\/div>\n<div class=\"content-textcontainer\" data-track-category=\"Link no Texto\" data-track-links=\"\" style=\"background: white; box-sizing: inherit; font-size: 1.25rem; font-stretch: inherit; font-style: inherit; font-variant: inherit; font-weight: inherit; line-height: inherit; margin-bottom: .0001pt; margin: 0cm; text-align: justify; vertical-align: baseline;\">\n<\/div>\n<div class=\"content-textcontainer\" data-track-category=\"Link no Texto\" data-track-links=\"\" style=\"background: white; box-sizing: inherit; font-stretch: inherit; font-style: inherit; font-variant: inherit; font-weight: inherit; line-height: inherit; margin: 0cm; text-align: justify; vertical-align: baseline;\">\n<strong style=\"box-sizing: inherit; font-stretch: inherit; font-style: inherit; font-variant: inherit; line-height: inherit;\">Nos dias<br \/>\n11, 12, 13, 14 e 15:&nbsp;<\/strong>Parte Oeste de Caruaru 1: Maria Auxiliadora (parte<br \/>\nbaixa), Hosana, Vila do Aeroporto, Jos\u00e9 Carlos de Oliveira (parte baixa), Vila<br \/>\nPadre In\u00e1cio, Vila Diocesano, Novo Mundo (parte baixa), Jo\u00e3o Barreto, Jo\u00e3o<br \/>\nMota, Vila Kennedy, Kennedy, Sol Poente, Caiuc\u00e1, Portal do Agreste, Posto<br \/>\nAgamenon, S\u00edtio Campos, Vila Cip\u00f3, Lagoa de Pedra, Mestre Vitalino, Alto do<br \/>\nMoura Village, Residencial Alto do Moura, Residencial Luiz Bezerra Torres l e<br \/>\nll, Bares (Alto do Moura), Alto das Sete Luas e Tcheguevara.<\/div>\n<div class=\"content-textcontainer\" data-track-category=\"Link no Texto\" data-track-links=\"\" style=\"background: white; box-sizing: inherit; font-size: 1.25rem; font-stretch: inherit; font-style: inherit; font-variant: inherit; font-weight: inherit; line-height: inherit; margin-bottom: .0001pt; margin: 0cm; text-align: justify; vertical-align: baseline;\">\n<\/div>\n<div class=\"content-textcontainer\" data-track-category=\"Link no Texto\" data-track-links=\"\" style=\"background: white; box-sizing: inherit; font-size: 1.25rem; font-stretch: inherit; font-style: inherit; font-variant: inherit; font-weight: inherit; line-height: inherit; margin-bottom: .0001pt; margin: 0cm; text-align: justify; vertical-align: baseline;\">\nVila Fernando Lyra, Luiz Gonzaga, Polo Comercial, UFPE,<br \/>\nAlphaville, Hospital Mestre Vitalino, Parque da Cidade, Universit\u00e1rio (parte<br \/>\nalta), Portal do Sol, Jardim dos Coqueiros, Vassoural (parte alta),<br \/>\nRosan\u00f3polis, UPA, Parte do Petr\u00f3polis (ruas: 1\u00aaTV, 2\u00aaTV, 3\u00aaTV e Rua Prof\u00aa.<br \/>\nAdelia Leal, Manoel Lopes, Henrique Soares, Sta Catarina, Cristo Rei, Sanhar\u00f3,<br \/>\n2\u00aaTV Cicero Jos\u00e9 Dutra e Te\u00f3filo Otoni).<\/div>\n<div class=\"content-textcontainer\" data-track-category=\"Link no Texto\" data-track-links=\"\" style=\"background: white; box-sizing: inherit; font-size: 1.25rem; font-stretch: inherit; font-style: inherit; font-variant: inherit; font-weight: inherit; line-height: inherit; margin-bottom: .0001pt; margin: 0cm; text-align: justify; vertical-align: baseline;\">\n<\/div>\n<div class=\"content-textcontainer\" data-track-category=\"Link no Texto\" data-track-links=\"\" style=\"background: white; box-sizing: inherit; font-size: 1.25rem; font-stretch: inherit; font-style: inherit; font-variant: inherit; font-weight: inherit; line-height: inherit; margin-bottom: .0001pt; margin: 0cm; text-align: justify; vertical-align: baseline;\">\nVassoural (parte alta), Rosan\u00f3polis, UPA e Parte do<br \/>\nPetr\u00f3polis (Ruas: 1\u00aaTV, 2\u00aaTV, 3\u00aaTV e Rua Prof. Adelia Leal, Manoel Lopes,<br \/>\nHenrique Soares, Sta Catarina, Cristo Rei, Sanhar\u00f3, 2\u00aaTV Cicero Jos\u00e9 Dutra e<br \/>\nTe\u00f3filo Otoni), Cidade Alta: Adalgisa Nunes 1 e 2.<\/div>\n<div class=\"content-textcontainer\" style=\"margin-bottom: .0001pt; margin: 0cm; text-align: justify; vertical-align: baseline;\">\n<strong><br \/><\/strong><\/div>\n<div class=\"content-textcontainer\" style=\"margin-bottom: .0001pt; margin: 0cm; text-align: justify; vertical-align: baseline;\">\n<strong>Nos dias 16, 17, 18, 19 e 20:&nbsp;<\/strong>Residencial Alto<br \/>\ndo Moura, Vista Alegre, Parte Oeste de Caruaru 2: Maria Auxiliadora (parte<br \/>\nalta), Boa Vista I e II (Cohab 1 e 2), Tr\u00eas Bandeiras, Nova Caruaru, Jardim<br \/>\nPanorama, Vila Andorinha, Caru\u00e1, Bara\u00fanas, Mandacaru, Novo Mundo (parte alta),<br \/>\nDem\u00f3stenes Veras, Jos\u00e9 Carlos de Oliveira (parte alta), Ramiro de Souza, Jardim<br \/>\nBoa Vista, Severino Afonso, Residencial Vit\u00f3ria, Parque Real, Residencial<br \/>\nIpojuca, Residencial Xique Xique, Santos Dumont, Jo\u00e3o Batista, Pinheir\u00f3polis<br \/>\n(Vila dos Oficiais).<\/div>\n<div class=\"content-textcontainer\" style=\"margin-bottom: .0001pt; margin: 0cm; text-align: justify; vertical-align: baseline;\">\n<\/div>\n<p><\/p>\n<div class=\"content-textcontainer\" data-track-category=\"Link no Texto\" data-track-links=\"\" style=\"box-sizing: inherit; font-size: 1.25rem; font-stretch: inherit; font-style: inherit; font-variant: inherit; font-weight: inherit; line-height: inherit; margin-bottom: .0001pt; margin: 0cm; text-align: justify; vertical-align: baseline;\">\nRendeiras (Cohab<br \/>\nIII &#8211; parte alta), Loteamento Para\u00edso, Morada Nova &#8211; (16, 17 e 18\/12),<br \/>\nSerran\u00f3polis Rendeiras (parte baixa) &#8211; (18, 19 e 20\/12), S\u00e3o Jo\u00e3o da Esc\u00f3cia<br \/>\n(parte baixa) &#8211; (16, 17 e 18\/12), Monte Carmelo, Lagoa do Algod\u00e3o, Quintas da<br \/>\nColina, S\u00e3o Jo\u00e3o da Esc\u00f3cia (parte alta) &#8211; (18, 19 e 20\/12).<\/div>\n<div class=\"content-textcontainer\" data-track-category=\"Link no Texto\" data-track-links=\"\" style=\"box-sizing: inherit; font-size: 1.25rem; font-stretch: inherit; font-style: inherit; font-variant: inherit; font-weight: inherit; line-height: inherit; margin-bottom: .0001pt; margin: 0cm; text-align: justify; vertical-align: baseline;\">\n<\/div>\n<div class=\"content-textcontainer\" data-track-category=\"Link no Texto\" data-track-links=\"\" style=\"box-sizing: inherit; font-size: 1.25rem; font-stretch: inherit; font-style: inherit; font-variant: inherit; font-weight: inherit; line-height: inherit; margin-bottom: .0001pt; margin: 0cm; text-align: justify; vertical-align: baseline;\">\nParte do<br \/>\nVassoural pr\u00f3ximo ao Pres\u00eddio (ruas no trecho entre Luiz Gonzaga e Rua do<br \/>\nVassoural: Maria Tereza, Ivanildo Cordeiro de Souza, Jo\u00e3o Cordeiro de Souza,<br \/>\nMaria Cordeiro de Miscena, Asa Branca, Travessa Henrique Soares ruas: Comp.<br \/>\nLuiz Gonzaga, Luiz Serafim de Souza, 1\u00aa, 2\u00aa e 3\u00aa TV Henrique Soares Filadelfia<br \/>\nA. da Costa, Juazeiro do Norte Todos os Santos, Rua do Vassoural 5\u00aa TV Alfredo<br \/>\nPinto (Goiana), Jos\u00e9 Nunes de Ara\u00fajo, Jos\u00e9 do Patroc\u00ednio, Espirito Santo,<br \/>\nCarlos Alexandre, Petrol\u00e2ndia, 5\u00aa TV do Vassoural, Nazar\u00e9 da Mata, Belmonte TV<br \/>\ne Rua Imperial [acima da Bernardo Vieira de Melo], Estrada de Campina, Luiz de<br \/>\nFran\u00e7a Pereira, Santa Rosa (parte alta), Vila Serena, Campo Novo do Sul, Vila<br \/>\nCampo Novo de Baixo e de Cima, SEST\/SENAT, Cidade Alta: Adalgisa Nunes 3 e 4,<br \/>\nResidencial Wirton Lira<\/div>\n<div class=\"content-textcontainer\" data-track-category=\"Link no Texto\" data-track-links=\"\" style=\"box-sizing: inherit; font-size: 1.25rem; font-stretch: inherit; font-style: inherit; font-variant: inherit; font-weight: inherit; line-height: inherit; margin-bottom: .0001pt; margin: 0cm; text-align: justify; vertical-align: baseline;\">\n<strong style=\"box-sizing: inherit; font-size: inherit; font-stretch: inherit; font-style: inherit; font-variant: inherit; line-height: inherit;\"><br \/><\/strong><\/div>\n<div class=\"content-textcontainer\" data-track-category=\"Link no Texto\" data-track-links=\"\" style=\"box-sizing: inherit; font-stretch: inherit; font-style: inherit; font-variant: inherit; font-weight: inherit; line-height: inherit; margin: 0cm; text-align: justify; vertical-align: baseline;\">\n<strong style=\"box-sizing: inherit; font-stretch: inherit; font-style: inherit; font-variant: inherit; line-height: inherit;\">No Monte Bom Jesus<\/strong>&nbsp;&#8211; O abastecimento \u00e9 subdividido em 3<br \/>\nsub-setores onde s\u00e3o abastecidos 2 dias cada um. O abastecimento do local continua 2 x 4.<\/div>\n<div class=\"content-textcontainer\" data-track-category=\"Link no Texto\" data-track-links=\"\" style=\"box-sizing: inherit; font-size: 1.25rem; font-stretch: inherit; font-style: inherit; font-variant: inherit; font-weight: inherit; line-height: inherit; margin-bottom: .0001pt; margin: 0cm; text-align: justify; vertical-align: baseline;\">\n<strong style=\"box-sizing: inherit; font-size: inherit; font-stretch: inherit; font-style: inherit; font-variant: inherit; line-height: inherit;\"><br \/><\/strong><\/div>\n<div class=\"content-textcontainer\" data-track-category=\"Link no Texto\" data-track-links=\"\" style=\"box-sizing: inherit; font-stretch: inherit; font-style: inherit; font-variant: inherit; font-weight: inherit; line-height: inherit; margin: 0cm; text-align: justify; vertical-align: baseline;\">\n<strong style=\"box-sizing: inherit; font-stretch: inherit; font-style: inherit; font-variant: inherit; line-height: inherit;\">Nos dias 9, 10, 11, 12, 13, 23, 24, 25, 26 e 27 no Alto do Moura:<\/strong>&nbsp;Vila<br \/>\nNossa Senhora das Gra\u00e7as 1: C\u00edcero das Carro\u00e7as, Mestre Vitalino 2, Parte Alta<\/div>\n<div class=\"content-textcontainer\" data-track-category=\"Link no Texto\" data-track-links=\"\" style=\"box-sizing: inherit; font-size: 1.25rem; font-stretch: inherit; font-style: inherit; font-variant: inherit; font-weight: inherit; line-height: inherit; margin-bottom: .0001pt; margin: 0cm; text-align: justify; vertical-align: baseline;\">\n<strong style=\"box-sizing: inherit; font-size: inherit; font-stretch: inherit; font-style: inherit; font-variant: inherit; line-height: inherit;\"><br \/><\/strong><\/div>\n<div class=\"content-textcontainer\" data-track-category=\"Link no Texto\" data-track-links=\"\" style=\"box-sizing: inherit; font-stretch: inherit; font-style: inherit; font-variant: inherit; font-weight: inherit; line-height: inherit; margin: 0cm; text-align: justify; vertical-align: baseline;\">\n<strong style=\"box-sizing: inherit; font-stretch: inherit; font-style: inherit; font-variant: inherit; line-height: inherit;\">Nos dias 2, 3, 4, 5, 6, 16, 17, 18, 19 e 30 no Alto do Moura:<\/strong>&nbsp;Parte<br \/>\nBaixa do Alto do Moura: Rua do Cemit\u00e9rio, Vila Nossa Senhora das Gra\u00e7as 2<\/div>\n<div class=\"content-textcontainer\" data-track-category=\"Link no Texto\" data-track-links=\"\" style=\"box-sizing: inherit; font-size: 1.25rem; font-stretch: inherit; font-style: inherit; font-variant: inherit; font-weight: inherit; line-height: inherit; margin-bottom: .0001pt; margin: 0cm; text-align: justify; vertical-align: baseline;\">\n<strong style=\"box-sizing: inherit; font-size: inherit; font-stretch: inherit; font-style: inherit; font-variant: inherit; line-height: inherit;\"><br \/><\/strong><\/div>\n<div class=\"content-textcontainer\" data-track-category=\"Link no Texto\" data-track-links=\"\" style=\"box-sizing: inherit; font-stretch: inherit; font-style: inherit; font-variant: inherit; font-weight: inherit; line-height: inherit; margin: 0cm; text-align: justify; vertical-align: baseline;\">\n<strong style=\"box-sizing: inherit; font-stretch: inherit; font-style: inherit; font-variant: inherit; line-height: inherit;\">Nos fins de semana no Alto do Moura:&nbsp;<\/strong>Rua Ant\u00f4nio Vitalino, Rua da Elevat\u00f3ria (Rua Alto S\u00e3o Jos\u00e9).<\/div>\n","protected":false},"excerpt":{"rendered":"<p>Nos dias 1\u00ba, 2, 3, 4, 21, 22, 23, 24 e 25:&nbsp;Cidade Jardim, Salgado (Parte Baixa), Loteamento S\u00e3o Jos\u00e9, Centen\u00e1rio,&hellip;<\/p>\n","protected":false},"author":1,"featured_media":0,"comment_status":"open","ping_status":"open","sticky":false,"template":"","format":"standard","meta":{"footnotes":""},"categories":[1],"tags":[2,3155,6],"class_list":["post-2858","post","type-post","status-publish","format-standard","hentry","category-sem-categoria","tag-blog-do-edvaldo-magalhaes","tag-confira-o-calendario-de-abastecimento-da-compesa-para-abril","tag-noticias"],"_links":{"self":[{"href":"https:\/\/blogdoedvaldomagalhaes.com.br\/index.php\/wp-json\/wp\/v2\/posts\/2858","targetHints":{"allow":["GET"]}}],"collection":[{"href":"https:\/\/blogdoedvaldomagalhaes.com.br\/index.php\/wp-json\/wp\/v2\/posts"}],"about":[{"href":"https:\/\/blogdoedvaldomagalhaes.com.br\/index.php\/wp-json\/wp\/v2\/types\/post"}],"author":[{"embeddable":true,"href":"https:\/\/blogdoedvaldomagalhaes.com.br\/index.php\/wp-json\/wp\/v2\/users\/1"}],"replies":[{"embeddable":true,"href":"https:\/\/blogdoedvaldomagalhaes.com.br\/index.php\/wp-json\/wp\/v2\/comments?post=2858"}],"version-history":[{"count":1,"href":"https:\/\/blogdoedvaldomagalhaes.com.br\/index.php\/wp-json\/wp\/v2\/posts\/2858\/revisions"}],"predecessor-version":[{"id":29422,"href":"https:\/\/blogdoedvaldomagalhaes.com.br\/index.php\/wp-json\/wp\/v2\/posts\/2858\/revisions\/29422"}],"wp:attachment":[{"href":"https:\/\/blogdoedvaldomagalhaes.com.br\/index.php\/wp-json\/wp\/v2\/media?parent=2858"}],"wp:term":[{"taxonomy":"category","embeddable":true,"href":"https:\/\/blogdoedvaldomagalhaes.com.br\/index.php\/wp-json\/wp\/v2\/categories?post=2858"},{"taxonomy":"post_tag","embeddable":true,"href":"https:\/\/blogdoedvaldomagalhaes.com.br\/index.php\/wp-json\/wp\/v2\/tags?post=2858"}],"curies":[{"name":"wp","href":"https:\/\/api.w.org\/{rel}","templated":true}]}}