{"id":2857,"date":"2018-03-30T17:49:00","date_gmt":"2018-03-30T20:49:00","guid":{"rendered":"http:\/\/blogdoedvaldomagalhaes.com.br\/index.php\/2018\/03\/30\/criada-bolsa-atleta-de-caruaru-co\/"},"modified":"2019-02-09T02:07:30","modified_gmt":"2019-02-09T04:07:30","slug":"criada-bolsa-atleta-de-caruaru-co","status":"publish","type":"post","link":"https:\/\/blogdoedvaldomagalhaes.com.br\/index.php\/2018\/03\/30\/criada-bolsa-atleta-de-caruaru-co\/","title":{"rendered":"Criada Bolsa Atleta de Caruaru com valor mensal para custeio de atletas do munic\u00edpio"},"content":{"rendered":"<div class=\"separator\" style=\"clear: both; text-align: center;\">\n<a href=\"https:\/\/4.bp.blogspot.com\/-MfI3RvJPNws\/Wr54HS3Ze8I\/AAAAAAAAtLo\/tD7jrp7Mkto-s_0lHfhX4Lm4ueImNB6KACLcBGAs\/s1600\/raquwel.jpg\" imageanchor=\"1\" style=\"margin-left: 1em; margin-right: 1em;\"><img loading=\"lazy\" decoding=\"async\" border=\"0\" data-original-height=\"853\" data-original-width=\"1280\" height=\"213\" src=\"http:\/\/blogdoedvaldomagalhaes.com.br\/wp-content\/uploads\/2018\/03\/raquwel.jpg\" width=\"320\" \/><\/a><\/div>\n<div class=\"separator\" style=\"clear: both; text-align: center;\">\nFoto: Arnaldo F\u00e9lix\/Divulga\u00e7\u00e3o<\/div>\n<div class=\"separator\" style=\"clear: both; text-align: center;\">\n<\/div>\n<div style=\"background-color: white; border: 0px; margin-bottom: 1.5em; outline: 0px; padding: 0px; text-align: justify; vertical-align: baseline;\">\nA prefeita de Caruaru, Raquel Lyra, recebeu nesta quinta-feira (29), em seu gabinete, a atleta Camila Mirely Medeiros da Silva, de 16 anos, vencedora da Seletiva Nacional do Campeonato Mundial Gymnasiade, na modalidade karate, que aconteceu no \u00faltimo final de semana, em S\u00e3o Paulo. Camila se classificou como uma das tr\u00eas representantes brasileiras para o mundial que ser\u00e1 realizado em maio deste ano no Marrocos. Na oportunidade, a prefeita assinou um projeto de lei para a cria\u00e7\u00e3o do Bolsa Atleta em Caruaru que prev\u00ea um valor mensal livre para contribuir financeiramente com os atletas que preencherem os requisitos.<\/div>\n<div style=\"background-color: white; border: 0px; margin-bottom: 1.5em; outline: 0px; padding: 0px; text-align: justify; vertical-align: baseline;\">\n\u201cAprovada a lei, a gente lan\u00e7a o edital, os atletas se inscrevem e quem cumprir os crit\u00e9rios ter\u00e1 a possibilidade de receber o benef\u00edcio. \u00c9 uma iniciativa para ajudar o custeio de atletas do nosso munic\u00edpio, como Camila, para que eles possam ter a capacidade de treinar e manter o rendimento\u201d, destacou Raquel. O treinador de Camila, Anderson Santana, falou da import\u00e2ncia do incentivo para os atletas de Caruaru. \u201cFui um dos primeiros atletas do Nordeste a receber o Bolsa Atleta Federal, em 2006, ent\u00e3o sei da import\u00e2ncia do Bolsa Atleta Municipal para Caruaru, pois temos muitos esportistas de alto rendimento em diversas modalidades na nossa cidade\u201d, comemorou Anderson.<\/div>\n<div style=\"background-color: white; border: 0px; margin-bottom: 1.5em; outline: 0px; padding: 0px; text-align: justify; vertical-align: baseline;\">\nA karateca caruaruense Milena Stefani Ferreira, de 16 anos, que se classificou como a quinta melhor do Brasil na mesma seletiva que Camila, tamb\u00e9m esteve presente no encontro. O Bolsa Atleta de Caruaru ir\u00e1 beneficiar, inicialmente, at\u00e9 dez atletas do munic\u00edpio em 2018. Outro projeto assinado hoje pela prefeita, foi o da cria\u00e7\u00e3o do Conselho Municipal de Esporte e Lazer de Caruaru. Ambos foram elaborados pela Secretaria de Desenvolvimento Social e Direitos Humanos e ser\u00e3o encaminhados para a C\u00e2mara de Vereadores do munic\u00edpio.<\/div>\n","protected":false},"excerpt":{"rendered":"<p>Foto: Arnaldo F\u00e9lix\/Divulga\u00e7\u00e3o A prefeita de Caruaru, Raquel Lyra, recebeu nesta quinta-feira (29), em seu gabinete, a atleta Camila Mirely&hellip;<\/p>\n","protected":false},"author":1,"featured_media":0,"comment_status":"open","ping_status":"open","sticky":false,"template":"","format":"standard","meta":{"footnotes":""},"categories":[1],"tags":[2,3154,6],"class_list":["post-2857","post","type-post","status-publish","format-standard","hentry","category-sem-categoria","tag-blog-do-edvaldo-magalhaes","tag-criada-bolsa-atleta-de-caruaru-com-valor-mensal-para-custeio-de-atletas-do-municipio","tag-noticias"],"_links":{"self":[{"href":"https:\/\/blogdoedvaldomagalhaes.com.br\/index.php\/wp-json\/wp\/v2\/posts\/2857","targetHints":{"allow":["GET"]}}],"collection":[{"href":"https:\/\/blogdoedvaldomagalhaes.com.br\/index.php\/wp-json\/wp\/v2\/posts"}],"about":[{"href":"https:\/\/blogdoedvaldomagalhaes.com.br\/index.php\/wp-json\/wp\/v2\/types\/post"}],"author":[{"embeddable":true,"href":"https:\/\/blogdoedvaldomagalhaes.com.br\/index.php\/wp-json\/wp\/v2\/users\/1"}],"replies":[{"embeddable":true,"href":"https:\/\/blogdoedvaldomagalhaes.com.br\/index.php\/wp-json\/wp\/v2\/comments?post=2857"}],"version-history":[{"count":1,"href":"https:\/\/blogdoedvaldomagalhaes.com.br\/index.php\/wp-json\/wp\/v2\/posts\/2857\/revisions"}],"predecessor-version":[{"id":29424,"href":"https:\/\/blogdoedvaldomagalhaes.com.br\/index.php\/wp-json\/wp\/v2\/posts\/2857\/revisions\/29424"}],"wp:attachment":[{"href":"https:\/\/blogdoedvaldomagalhaes.com.br\/index.php\/wp-json\/wp\/v2\/media?parent=2857"}],"wp:term":[{"taxonomy":"category","embeddable":true,"href":"https:\/\/blogdoedvaldomagalhaes.com.br\/index.php\/wp-json\/wp\/v2\/categories?post=2857"},{"taxonomy":"post_tag","embeddable":true,"href":"https:\/\/blogdoedvaldomagalhaes.com.br\/index.php\/wp-json\/wp\/v2\/tags?post=2857"}],"curies":[{"name":"wp","href":"https:\/\/api.w.org\/{rel}","templated":true}]}}