{"id":285,"date":"2019-01-03T22:53:00","date_gmt":"2019-01-04T00:53:00","guid":{"rendered":"http:\/\/blogdoedvaldomagalhaes.com.br\/index.php\/2019\/01\/03\/pastor-moises-santos-assume-cadeira-na\/"},"modified":"2019-02-09T02:48:35","modified_gmt":"2019-02-09T04:48:35","slug":"pastor-moises-santos-assume-cadeira-na","status":"publish","type":"post","link":"https:\/\/blogdoedvaldomagalhaes.com.br\/index.php\/2019\/01\/03\/pastor-moises-santos-assume-cadeira-na\/","title":{"rendered":"Pastor Moys\u00e9s Santos assume cadeira na C\u00e2mara de Vereadores de Caruaru"},"content":{"rendered":"<div class=\"separator\" style=\"clear: both; text-align: center;\">\n<a href=\"https:\/\/1.bp.blogspot.com\/-LechQzXQ1w0\/XC6Qt9vFRcI\/AAAAAAABAv4\/3Q6Ty4SojvETc12gHvk6gOjUHWBkmn4vwCLcBGAs\/s1600\/IMG-20190103-WA0196.jpg\" imageanchor=\"1\" style=\"margin-left: 1em; margin-right: 1em;\"><img loading=\"lazy\" decoding=\"async\" border=\"0\" data-original-height=\"960\" data-original-width=\"1280\" height=\"480\" src=\"http:\/\/blogdoedvaldomagalhaes.com.br\/wp-content\/uploads\/2019\/01\/IMG-20190103-WA0196.jpg\" width=\"640\" \/><\/a><\/div>\n<p><\/p>\n<div style=\"text-align: justify;\">\nTomou posse na tarde desta quinta-feira (03), em&nbsp;Sess\u00e3o Solene, na C\u00e2mara Municipal de Caruaru, o 1\u00ba suplente da Coliga\u00e7\u00e3o Unidade Popular de Caruaru (PRP\/PTC\/PT) Moys\u00e9s Ara\u00fajo dos Santos (PRP). A mesa foi composta pelo presidente Lula Torres, Marcelo Gomes e Ricardo Liberato.<\/div>\n<p><\/p>\n<div class=\"separator\" style=\"clear: both; text-align: center;\">\n<a href=\"https:\/\/3.bp.blogspot.com\/-J1a5tCxVuFI\/XC6Qx-ljPfI\/AAAAAAABAv8\/_PBD_FFZX-AJqK-KrWoWiH3GH-7HLLmsQCLcBGAs\/s1600\/IMG-20190103-WA0191.jpg\" imageanchor=\"1\" style=\"margin-left: 1em; margin-right: 1em;\"><img loading=\"lazy\" decoding=\"async\" border=\"0\" data-original-height=\"960\" data-original-width=\"1280\" height=\"480\" src=\"http:\/\/blogdoedvaldomagalhaes.com.br\/wp-content\/uploads\/2019\/01\/IMG-20190103-WA0191.jpg\" width=\"640\" \/><\/a><\/div>\n<p><\/p>\n<div style=\"text-align: justify;\">\nA solenidade foi prestigiada por v\u00e1rios pastores da denomina\u00e7\u00e3o de Moys\u00e9s,&nbsp;e lideran\u00e7as, como&nbsp;Pr. S\u00e9rgio Ricardo, presidente do PR em Caruaru, Edson Rosal, Secret\u00e1rio Geral do Patriota,&nbsp;Alex Rocha, presidente do PRP,&nbsp;Pr. S\u00e9rgio dos Santos, presidente estadual do Conselho da Igreja do Evangelho Quadrangular.<\/div>\n<div style=\"text-align: justify;\">\n&nbsp; &nbsp;<\/div>\n<div class=\"separator\" style=\"clear: both; text-align: center;\">\n<a href=\"https:\/\/1.bp.blogspot.com\/-MONAeJS0op4\/XC6Q2C1VZwI\/AAAAAAABAwA\/w5sW4aY94ro5oOmXgq17Xl8zsFsGxhKBQCLcBGAs\/s1600\/IMG-20190103-WA0197.jpg\" imageanchor=\"1\" style=\"margin-left: 1em; margin-right: 1em;\"><img loading=\"lazy\" decoding=\"async\" border=\"0\" data-original-height=\"960\" data-original-width=\"1280\" height=\"480\" src=\"http:\/\/blogdoedvaldomagalhaes.com.br\/wp-content\/uploads\/2019\/01\/IMG-20190103-WA0197.jpg\" width=\"640\" \/><\/a><\/div>\n<p><\/p>\n<div style=\"text-align: justify;\">\nAp\u00f3s Moys\u00e9s entregar a declara\u00e7\u00e3o de bens, conforme o Regimento interno da Casa determina, fez o juramento \u201cprometo manter, defender e cumprir a constitui\u00e7\u00e3o da rep\u00fablica federativa do brasil, a constitui\u00e7\u00e3o do estado de pernambuco e a lei org\u00e2nica do munic\u00edpio, desempenhar as atribui\u00e7\u00f5es do meu cargo com o objetivo de promover o bem comum, e o exercer sob a inspira\u00e7\u00e3o das tradi\u00e7\u00f5es de lealdade, bravura e patriotismo do nosso povo\u201d.<\/div>\n<div style=\"text-align: justify;\">\n<\/div>\n<div class=\"separator\" style=\"clear: both; text-align: center;\">\n<a href=\"https:\/\/3.bp.blogspot.com\/-ATgWbmpIEhg\/XC6Q5CkYmBI\/AAAAAAABAwE\/r47U67smQaYdDvg4Cv7FO21EgOpIrsMUgCLcBGAs\/s1600\/IMG-20190103-WA0198.jpg\" imageanchor=\"1\" style=\"margin-left: 1em; margin-right: 1em;\"><img loading=\"lazy\" decoding=\"async\" border=\"0\" data-original-height=\"960\" data-original-width=\"1280\" height=\"480\" src=\"http:\/\/blogdoedvaldomagalhaes.com.br\/wp-content\/uploads\/2019\/01\/IMG-20190103-WA0198.jpg\" width=\"640\" \/><\/a><\/div>\n<p><\/p>\n<div style=\"text-align: justify;\">\nA solene ainda contou com a participa\u00e7\u00e3o musical de Cristiane Vieira.<\/div>\n<div style=\"text-align: justify;\">\n&nbsp; &nbsp;<\/div>\n<div style=\"text-align: justify;\">\nEm seu discurso, Pastor Moys\u00e9s Santos, de 35 anos, parou por alguns instantes, visivelmente emocionado.<\/div>\n<div style=\"text-align: justify;\">\n<\/div>\n<p><\/p>\n<div class=\"separator\" style=\"clear: both; text-align: justify;\">\n<a href=\"https:\/\/4.bp.blogspot.com\/-4Tlpx24SDeU\/XC6Q8BQXekI\/AAAAAAABAwI\/NOQy7QVi23AFwBLew9Xz-9z2d40QnA8AQCLcBGAs\/s1600\/IMG-20190103-WA0192.jpg\" imageanchor=\"1\" style=\"margin-left: 1em; margin-right: 1em;\"><img loading=\"lazy\" decoding=\"async\" border=\"0\" data-original-height=\"960\" data-original-width=\"1280\" height=\"480\" src=\"http:\/\/blogdoedvaldomagalhaes.com.br\/wp-content\/uploads\/2019\/01\/IMG-20190103-WA0192.jpg\" width=\"640\" \/><\/a><\/div>\n<p>\nPor Paulo Nailson<\/p>\n","protected":false},"excerpt":{"rendered":"<p>Tomou posse na tarde desta quinta-feira (03), em&nbsp;Sess\u00e3o Solene, na C\u00e2mara Municipal de Caruaru, o 1\u00ba suplente da Coliga\u00e7\u00e3o Unidade&hellip;<\/p>\n","protected":false},"author":1,"featured_media":0,"comment_status":"open","ping_status":"open","sticky":false,"template":"","format":"standard","meta":{"footnotes":""},"categories":[1],"tags":[2,20],"class_list":["post-285","post","type-post","status-publish","format-standard","hentry","category-sem-categoria","tag-blog-do-edvaldo-magalhaes","tag-politica"],"_links":{"self":[{"href":"https:\/\/blogdoedvaldomagalhaes.com.br\/index.php\/wp-json\/wp\/v2\/posts\/285","targetHints":{"allow":["GET"]}}],"collection":[{"href":"https:\/\/blogdoedvaldomagalhaes.com.br\/index.php\/wp-json\/wp\/v2\/posts"}],"about":[{"href":"https:\/\/blogdoedvaldomagalhaes.com.br\/index.php\/wp-json\/wp\/v2\/types\/post"}],"author":[{"embeddable":true,"href":"https:\/\/blogdoedvaldomagalhaes.com.br\/index.php\/wp-json\/wp\/v2\/users\/1"}],"replies":[{"embeddable":true,"href":"https:\/\/blogdoedvaldomagalhaes.com.br\/index.php\/wp-json\/wp\/v2\/comments?post=285"}],"version-history":[{"count":1,"href":"https:\/\/blogdoedvaldomagalhaes.com.br\/index.php\/wp-json\/wp\/v2\/posts\/285\/revisions"}],"predecessor-version":[{"id":37285,"href":"https:\/\/blogdoedvaldomagalhaes.com.br\/index.php\/wp-json\/wp\/v2\/posts\/285\/revisions\/37285"}],"wp:attachment":[{"href":"https:\/\/blogdoedvaldomagalhaes.com.br\/index.php\/wp-json\/wp\/v2\/media?parent=285"}],"wp:term":[{"taxonomy":"category","embeddable":true,"href":"https:\/\/blogdoedvaldomagalhaes.com.br\/index.php\/wp-json\/wp\/v2\/categories?post=285"},{"taxonomy":"post_tag","embeddable":true,"href":"https:\/\/blogdoedvaldomagalhaes.com.br\/index.php\/wp-json\/wp\/v2\/tags?post=285"}],"curies":[{"name":"wp","href":"https:\/\/api.w.org\/{rel}","templated":true}]}}