{"id":2843,"date":"2018-04-02T16:00:00","date_gmt":"2018-04-02T19:00:00","guid":{"rendered":"http:\/\/blogdoedvaldomagalhaes.com.br\/index.php\/2018\/04\/02\/elenco-da-paixao-de-cristo-apoia\/"},"modified":"2019-02-09T02:07:37","modified_gmt":"2019-02-09T04:07:37","slug":"elenco-da-paixao-de-cristo-apoia","status":"publish","type":"post","link":"https:\/\/blogdoedvaldomagalhaes.com.br\/index.php\/2018\/04\/02\/elenco-da-paixao-de-cristo-apoia\/","title":{"rendered":"Elenco da Paix\u00e3o de Cristo apoia instituto de c\u00e2ncer"},"content":{"rendered":"<div class=\"separator\" style=\"clear: both; text-align: center;\">\n<a href=\"https:\/\/2.bp.blogspot.com\/-oQEKRbbtW-A\/WsJTEYGH_4I\/AAAAAAAAtVg\/eMdL-1Oobd03Y__MKFgdj9RkNLuYIEiSQCLcBGAs\/s1600\/5.jpg\" imageanchor=\"1\" style=\"margin-left: 1em; margin-right: 1em;\"><img loading=\"lazy\" decoding=\"async\" border=\"0\" data-original-height=\"852\" data-original-width=\"1280\" height=\"426\" src=\"http:\/\/blogdoedvaldomagalhaes.com.br\/wp-content\/uploads\/2018\/04\/5.jpg\" width=\"640\" \/><\/a><\/div>\n<div style=\"background-color: white; font-stretch: normal; line-height: normal; text-align: justify;\">\n<\/div>\n<div style=\"background-color: white; font-stretch: normal; line-height: normal; text-align: justify;\">\nDiante \u00e0 tarde do s\u00e1bado (31), o Instituto do C\u00e2ncer Infantil do Agreste, (ICIA) estiveram na Pousada da Paix\u00e3o para proporcionar uma experi\u00eancia \u00fanica \u00e0 dois adolescentes que milagrosamente venceram o c\u00e2ncer.<\/div>\n<div style=\"background-color: white; font-stretch: normal; line-height: normal; text-align: justify;\">\n<\/div>\n<div class=\"separator\" style=\"clear: both; text-align: center;\">\n<a href=\"https:\/\/4.bp.blogspot.com\/-yIkLLJ5ypwI\/WsJTIbJD3sI\/AAAAAAAAtVk\/nc4-v63Ea8kSuIUPp4i52NUBEqDMHFYawCLcBGAs\/s1600\/1.jpg\" imageanchor=\"1\" style=\"margin-left: 1em; margin-right: 1em;\"><img loading=\"lazy\" decoding=\"async\" border=\"0\" data-original-height=\"852\" data-original-width=\"1280\" height=\"426\" src=\"http:\/\/blogdoedvaldomagalhaes.com.br\/wp-content\/uploads\/2018\/04\/1.jpg\" width=\"640\" \/><\/a><\/div>\n<div style=\"background-color: white; font-stretch: normal; line-height: normal; text-align: justify;\">\n<\/div>\n<div style=\"background-color: white; font-stretch: normal; line-height: normal; text-align: justify;\">\nOs jovens conheceram, conversaram e claro, tiraram v\u00e1rias fotos com os atores Kadu Moliterno, Victor Fasano, Tonico Pereira, Rita Guedes, Fabiana Pirro e Nicole Bahls levaram amor e palavras de carinhos aos jovens.<\/div>\n<div style=\"background-color: white; font-stretch: normal; line-height: normal; text-align: justify;\">\n<\/div>\n<div class=\"separator\" style=\"clear: both; text-align: center;\">\n<a href=\"https:\/\/4.bp.blogspot.com\/-5ZUX6DZIcto\/WsJTMeyIz3I\/AAAAAAAAtVo\/fv7Cn0RDca8vJJDpTVeNnSkL-0d30tjOgCLcBGAs\/s1600\/3.jpg\" imageanchor=\"1\" style=\"margin-left: 1em; margin-right: 1em;\"><img loading=\"lazy\" decoding=\"async\" border=\"0\" data-original-height=\"852\" data-original-width=\"1280\" height=\"426\" src=\"http:\/\/blogdoedvaldomagalhaes.com.br\/wp-content\/uploads\/2018\/04\/3.jpg\" width=\"640\" \/><\/a><\/div>\n<div style=\"background-color: white; font-stretch: normal; line-height: normal; text-align: justify;\">\n<\/div>\n<div style=\"background-color: white; font-stretch: normal; line-height: normal; text-align: justify;\">\nEm comemora\u00e7\u00e3o aos 15 anos do Instituto do C\u00e2ncer Infantil do Agreste (ICIA), ser\u00e1 lan\u00e7ado no dia 4 de abril, a nova cole\u00e7\u00e3o da grife da institui\u00e7\u00e3o. As camisetas, desenvolvidas pela \u2018Manisfesta!\u2019, trazem nas estampas toda a for\u00e7a e cores da pintora e poetisa mexicana Frida Kahlo.&nbsp;<\/div>\n<div style=\"background-color: white; font-stretch: normal; line-height: normal; text-align: justify;\">\n<\/div>\n<div class=\"separator\" style=\"clear: both; text-align: center;\">\n<a href=\"https:\/\/1.bp.blogspot.com\/-yOVu--R6m8s\/WsJTRjRHnNI\/AAAAAAAAtVs\/Gv2dXK4L2x8GfooK7flG5u7saUZFZURFACLcBGAs\/s1600\/4.jpg\" imageanchor=\"1\" style=\"margin-left: 1em; margin-right: 1em;\"><img loading=\"lazy\" decoding=\"async\" border=\"0\" data-original-height=\"852\" data-original-width=\"1280\" height=\"426\" src=\"http:\/\/blogdoedvaldomagalhaes.com.br\/wp-content\/uploads\/2018\/04\/4.jpg\" width=\"640\" \/><\/a><\/div>\n<div style=\"background-color: white; font-stretch: normal; line-height: normal; text-align: justify;\">\n<\/div>\n<div style=\"background-color: white; font-stretch: normal; line-height: normal; text-align: justify;\">\nCom o tema \u2018Doa\u00e7\u00e3o que contagia\u2019, o lan\u00e7amento da campanha ser\u00e1 realizado na casa de eventos Buffet Renato Machado, \u00e0s 19h. O evento, contar\u00e1 com o desfile da nova cole\u00e7\u00e3o e uma apresenta\u00e7\u00e3o musical.<\/div>\n<div style=\"background-color: white; font-stretch: normal; line-height: normal; text-align: justify;\">\n<\/div>\n<div class=\"separator\" style=\"clear: both; text-align: center;\">\n<a href=\"https:\/\/4.bp.blogspot.com\/-ilph3mlaV3M\/WsJTZBKCvcI\/AAAAAAAAtVw\/9RaymG9bAsAoOR-T-m1ZVZkD8a05_uqbwCLcBGAs\/s1600\/7.jpg\" imageanchor=\"1\" style=\"margin-left: 1em; margin-right: 1em;\"><img loading=\"lazy\" decoding=\"async\" border=\"0\" data-original-height=\"852\" data-original-width=\"1280\" height=\"426\" src=\"http:\/\/blogdoedvaldomagalhaes.com.br\/wp-content\/uploads\/2018\/04\/7.jpg\" width=\"640\" \/><\/a><\/div>\n<div style=\"background-color: white; font-stretch: normal; line-height: normal; text-align: justify;\">\n<\/div>\n<div style=\"background-color: white; font-stretch: normal; line-height: normal; text-align: justify;\">\nJ\u00e1 no pr\u00f3ximo dia 27 de maio, acontecer\u00e1 em Caruaru a 13\u00aa caminhada pela vida. A Caminhada, tem o objetivo de levantar a bandeira sobre a import\u00e2ncia de atividades com esse foco e evidenciar a import\u00e2ncia do diagn\u00f3stico precoce do c\u00e2ncer, sobretudo entre as crian\u00e7as.<\/div>\n<div style=\"background-color: white; font-stretch: normal; line-height: normal; text-align: justify;\">\n<\/div>\n<div class=\"separator\" style=\"clear: both; text-align: center;\">\n<a href=\"https:\/\/4.bp.blogspot.com\/-VWMc_ekeAgg\/WsJTeJNN0YI\/AAAAAAAAtV0\/mIYaOA8DZqwOMyyzw5ceBMp-jDCADKyHQCLcBGAs\/s1600\/6.jpg\" imageanchor=\"1\" style=\"margin-left: 1em; margin-right: 1em;\"><img loading=\"lazy\" decoding=\"async\" border=\"0\" data-original-height=\"852\" data-original-width=\"1280\" height=\"426\" src=\"http:\/\/blogdoedvaldomagalhaes.com.br\/wp-content\/uploads\/2018\/04\/6.jpg\" width=\"640\" \/><\/a><\/div>\n","protected":false},"excerpt":{"rendered":"<p>Diante \u00e0 tarde do s\u00e1bado (31), o Instituto do C\u00e2ncer Infantil do Agreste, (ICIA) estiveram na Pousada da Paix\u00e3o para&hellip;<\/p>\n","protected":false},"author":1,"featured_media":0,"comment_status":"open","ping_status":"open","sticky":false,"template":"","format":"standard","meta":{"footnotes":""},"categories":[1],"tags":[2,3143,6],"class_list":["post-2843","post","type-post","status-publish","format-standard","hentry","category-sem-categoria","tag-blog-do-edvaldo-magalhaes","tag-elenco-da-paixao-de-cristo-apoia-instituto-de-cancer","tag-noticias"],"_links":{"self":[{"href":"https:\/\/blogdoedvaldomagalhaes.com.br\/index.php\/wp-json\/wp\/v2\/posts\/2843","targetHints":{"allow":["GET"]}}],"collection":[{"href":"https:\/\/blogdoedvaldomagalhaes.com.br\/index.php\/wp-json\/wp\/v2\/posts"}],"about":[{"href":"https:\/\/blogdoedvaldomagalhaes.com.br\/index.php\/wp-json\/wp\/v2\/types\/post"}],"author":[{"embeddable":true,"href":"https:\/\/blogdoedvaldomagalhaes.com.br\/index.php\/wp-json\/wp\/v2\/users\/1"}],"replies":[{"embeddable":true,"href":"https:\/\/blogdoedvaldomagalhaes.com.br\/index.php\/wp-json\/wp\/v2\/comments?post=2843"}],"version-history":[{"count":1,"href":"https:\/\/blogdoedvaldomagalhaes.com.br\/index.php\/wp-json\/wp\/v2\/posts\/2843\/revisions"}],"predecessor-version":[{"id":29469,"href":"https:\/\/blogdoedvaldomagalhaes.com.br\/index.php\/wp-json\/wp\/v2\/posts\/2843\/revisions\/29469"}],"wp:attachment":[{"href":"https:\/\/blogdoedvaldomagalhaes.com.br\/index.php\/wp-json\/wp\/v2\/media?parent=2843"}],"wp:term":[{"taxonomy":"category","embeddable":true,"href":"https:\/\/blogdoedvaldomagalhaes.com.br\/index.php\/wp-json\/wp\/v2\/categories?post=2843"},{"taxonomy":"post_tag","embeddable":true,"href":"https:\/\/blogdoedvaldomagalhaes.com.br\/index.php\/wp-json\/wp\/v2\/tags?post=2843"}],"curies":[{"name":"wp","href":"https:\/\/api.w.org\/{rel}","templated":true}]}}