{"id":2841,"date":"2018-04-02T23:01:00","date_gmt":"2018-04-03T02:01:00","guid":{"rendered":"http:\/\/blogdoedvaldomagalhaes.com.br\/index.php\/2018\/04\/02\/pernambuco-assegura-recursos-para\/"},"modified":"2019-02-09T02:07:53","modified_gmt":"2019-02-09T04:07:53","slug":"pernambuco-assegura-recursos-para","status":"publish","type":"post","link":"https:\/\/blogdoedvaldomagalhaes.com.br\/index.php\/2018\/04\/02\/pernambuco-assegura-recursos-para\/","title":{"rendered":"Pernambuco assegura recursos para Adutora do Agreste"},"content":{"rendered":"<div class=\"separator\" style=\"clear: both; text-align: center;\">\n<a href=\"https:\/\/1.bp.blogspot.com\/-cl5LQRjUZKU\/WsK2NJEvH7I\/AAAAAAAAtYw\/hlJXW_CRZXUiSElpW4hN3_-Pl3AGv193QCLcBGAs\/s1600\/adutora%255B.jpg\" imageanchor=\"1\" style=\"margin-left: 1em; margin-right: 1em;\"><img loading=\"lazy\" decoding=\"async\" border=\"0\" data-original-height=\"720\" data-original-width=\"1186\" height=\"388\" src=\"http:\/\/blogdoedvaldomagalhaes.com.br\/wp-content\/uploads\/2018\/04\/adutora5B.jpg\" width=\"640\" \/><\/a><\/div>\n<div class=\"m_-6434852158479195116MsoPlainText\" style=\"background-color: white; margin: 0cm 0cm 0.0001pt; text-align: justify;\">\n<\/div>\n<div class=\"m_-6434852158479195116MsoPlainText\" style=\"background-color: white; margin: 0cm 0cm 0.0001pt; text-align: justify;\">\nGovernador Paulo C\u00e2mara (PSB), conversou nesta segunda-feira (2) com o ministro da Integra\u00e7\u00e3o Nacional, H\u00e9lder Barbalho, que assegurou o empenho de R$ 79,9 milh\u00f5es para as obras<u><\/u><u><\/u><\/div>\n<div class=\"m_-6434852158479195116MsoPlainText\" style=\"background-color: white; margin: 0cm 0cm 0.0001pt; text-align: justify;\">\n<\/div>\n<div class=\"m_-6434852158479195116MsoPlainText\" style=\"background-color: white; margin: 0cm 0cm 0.0001pt; text-align: justify;\">\nO ministro da Integra\u00e7\u00e3o Nacional, H\u00e9lder Barbalho, empenhou, na semana passada, R$ 79,9 milh\u00f5es para a Adutora do Agreste, atendendo pedido do governador Paulo C\u00e2mara, feito no \u00faltimo dia 14 de mar\u00e7o. Os dois conversaram hoje (02) por telefone e o ministro convidou Paulo para a \u00faltima reuni\u00e3o do Conselho Deliberativo da Sudene, nesta quarta-feira (04\/02).<u><\/u><u><\/u><\/div>\n<div class=\"m_-6434852158479195116MsoPlainText\" style=\"background-color: white; margin: 0cm 0cm 0.0001pt; text-align: justify;\">\n<\/div>\n<div class=\"m_-6434852158479195116MsoPlainText\" style=\"background-color: white; margin: 0cm 0cm 0.0001pt; text-align: justify;\">\nO governador confirmou presen\u00e7a. Ser\u00e1 a \u00faltima reuni\u00e3o presidida por Barbalho, que deixar\u00e1 o cargo de ministro nesta semana. \u201cNosso trabalho e esfor\u00e7o \u00e9 para que a obra da Adutora do Agreste n\u00e3o pare e a gente consiga manter o calend\u00e1rio de obras\u201d, disse o governador Paulo C\u00e2mara.<u><\/u><u><\/u><\/div>\n<div class=\"m_-6434852158479195116MsoPlainText\" style=\"background-color: white; margin: 0cm 0cm 0.0001pt; text-align: justify;\">\n<\/div>\n<div class=\"m_-6434852158479195116MsoPlainText\" style=\"background-color: white; margin: 0cm 0cm 0.0001pt; text-align: justify;\">\nO pedido de Pernambuco para a Adutora do Agreste foi apresentado durante reuni\u00e3o do presidente da Compesa, Roberto Tavares, com o secret\u00e1rio Nacional de Infraestrutura H\u00eddrica, Ant\u00f4nio de P\u00e1dua. \u201cEsse an\u00fancio demonstra o apre\u00e7o e aten\u00e7\u00e3o do ministro H\u00e9lder \u00e0 solicita\u00e7\u00e3o do governador Paulo C\u00e2mara para que a mais importante obra h\u00eddrica de Pernambuco n\u00e3o seja paralisada por falta de recursos\u201d, afirmou Tavares.<u><\/u><u><\/u><\/div>\n<div class=\"m_-6434852158479195116MsoPlainText\" style=\"background-color: white; margin: 0cm 0cm 0.0001pt; text-align: justify;\">\n<\/div>\n<div class=\"m_-6434852158479195116MsoPlainText\" style=\"background-color: white; margin: 0cm 0cm 0.0001pt; text-align: justify;\">\nAt\u00e9 o momento, o Governo Federal repassou R$ 804 milh\u00f5es para a Adutora do Agreste de um total conveniado de R$ 1,246 bilh\u00e3o. Segundo o presidente da Compesa, Roberto Tavares, em 2018, a obra segue em ritmo acelerado pois gra\u00e7as ao repasse conseguido em dezembro foi poss\u00edvel quitar as faturas em atraso e permitiu&nbsp; colocar 26 frentes de trabalho.<u><\/u><u><\/u><\/div>\n<div class=\"m_-6434852158479195116MsoPlainText\" style=\"background-color: white; margin: 0cm 0cm 0.0001pt; text-align: justify;\">\n<\/div>\n<div class=\"m_-6434852158479195116MsoPlainText\" style=\"background-color: white; margin: 0cm 0cm 0.0001pt; text-align: justify;\">\n\u201cA libera\u00e7\u00e3o de mais R$ 68 milh\u00f5es, completando os 70% previstos nas regras de libera\u00e7\u00e3o dos recursos, ser\u00e1 muita bem-vinda&nbsp; neste momento em que precisamos&nbsp; entregar a primeira etapa \u00fatil da Adutora do Agreste, que se integrar\u00e1 a Adutora do Moxot\u00f3, em Arcoverde, beneficiando 400 mil pessoas ainda nesse semestre\u201d, observa Tavares.<u><\/u><u><\/u><\/div>\n<div class=\"m_-6434852158479195116MsoPlainText\" style=\"background-color: white; margin: 0cm 0cm 0.0001pt; text-align: justify;\">\n<\/div>\n<div class=\"m_-6434852158479195116MsoPlainText\" style=\"background-color: white; margin: 0cm 0cm 0.0001pt; text-align: justify;\">\nO presidente da Compesa ainda pontua que esses recursos permitir\u00e3o abrir novas frentes de trabalho, a exemplo da que vai para \u00c1guas Belas e Iati e S\u00e3o Bento do Una e Lajedo. \u201cTemos o desafio imposto pelo governador Paulo C\u00e2mara de ampliar o atendimento das \u00e1guas do Rio S\u00e3o Francisco para outras cidades, al\u00e9m das dez previstas na etapa inicial\u201d, finalizou Tavares.<u><\/u><u><\/u><\/div>\n<div style=\"text-align: justify;\">\n<\/div>\n","protected":false},"excerpt":{"rendered":"<p>Governador Paulo C\u00e2mara (PSB), conversou nesta segunda-feira (2) com o ministro da Integra\u00e7\u00e3o Nacional, H\u00e9lder Barbalho, que assegurou o empenho&hellip;<\/p>\n","protected":false},"author":1,"featured_media":0,"comment_status":"open","ping_status":"open","sticky":false,"template":"","format":"standard","meta":{"footnotes":""},"categories":[1],"tags":[2,6,3140,3141],"class_list":["post-2841","post","type-post","status-publish","format-standard","hentry","category-sem-categoria","tag-blog-do-edvaldo-magalhaes","tag-noticias","tag-noticias-de-pernambuco","tag-pernambuco-assegura-recursos-para-adutora-do-agreste"],"_links":{"self":[{"href":"https:\/\/blogdoedvaldomagalhaes.com.br\/index.php\/wp-json\/wp\/v2\/posts\/2841","targetHints":{"allow":["GET"]}}],"collection":[{"href":"https:\/\/blogdoedvaldomagalhaes.com.br\/index.php\/wp-json\/wp\/v2\/posts"}],"about":[{"href":"https:\/\/blogdoedvaldomagalhaes.com.br\/index.php\/wp-json\/wp\/v2\/types\/post"}],"author":[{"embeddable":true,"href":"https:\/\/blogdoedvaldomagalhaes.com.br\/index.php\/wp-json\/wp\/v2\/users\/1"}],"replies":[{"embeddable":true,"href":"https:\/\/blogdoedvaldomagalhaes.com.br\/index.php\/wp-json\/wp\/v2\/comments?post=2841"}],"version-history":[{"count":1,"href":"https:\/\/blogdoedvaldomagalhaes.com.br\/index.php\/wp-json\/wp\/v2\/posts\/2841\/revisions"}],"predecessor-version":[{"id":29503,"href":"https:\/\/blogdoedvaldomagalhaes.com.br\/index.php\/wp-json\/wp\/v2\/posts\/2841\/revisions\/29503"}],"wp:attachment":[{"href":"https:\/\/blogdoedvaldomagalhaes.com.br\/index.php\/wp-json\/wp\/v2\/media?parent=2841"}],"wp:term":[{"taxonomy":"category","embeddable":true,"href":"https:\/\/blogdoedvaldomagalhaes.com.br\/index.php\/wp-json\/wp\/v2\/categories?post=2841"},{"taxonomy":"post_tag","embeddable":true,"href":"https:\/\/blogdoedvaldomagalhaes.com.br\/index.php\/wp-json\/wp\/v2\/tags?post=2841"}],"curies":[{"name":"wp","href":"https:\/\/api.w.org\/{rel}","templated":true}]}}