{"id":2840,"date":"2018-04-02T23:04:00","date_gmt":"2018-04-03T02:04:00","guid":{"rendered":"http:\/\/blogdoedvaldomagalhaes.com.br\/index.php\/2018\/04\/02\/projeto-de-educacao-no-transito-nas\/"},"modified":"2019-02-09T02:07:53","modified_gmt":"2019-02-09T04:07:53","slug":"projeto-de-educacao-no-transito-nas","status":"publish","type":"post","link":"https:\/\/blogdoedvaldomagalhaes.com.br\/index.php\/2018\/04\/02\/projeto-de-educacao-no-transito-nas\/","title":{"rendered":"Projeto de Educa\u00e7\u00e3o no Tr\u00e2nsito nas Escolas da Rede Estadual-PE"},"content":{"rendered":"<div style=\"background-color: white;\">\n<div class=\"separator\" style=\"clear: both; text-align: center;\">\n<a href=\"https:\/\/2.bp.blogspot.com\/-ZNpDoDVu9-g\/WsK23vTJflI\/AAAAAAAAtY4\/YmAKGmGJsgAVZ-6hDpkBH1fEvboiP5hIgCLcBGAs\/s1600\/rafa.jpg\" imageanchor=\"1\" style=\"margin-left: 1em; margin-right: 1em;\"><img loading=\"lazy\" decoding=\"async\" border=\"0\" data-original-height=\"641\" data-original-width=\"742\" height=\"550\" src=\"http:\/\/blogdoedvaldomagalhaes.com.br\/wp-content\/uploads\/2018\/04\/rafa.jpg\" width=\"640\" \/><\/a><\/div>\n<div class=\"MsoNormal\" style=\"text-align: justify;\">\n<\/div>\n<div class=\"MsoNormal\" style=\"text-align: justify;\">\nO Diretor da 4\u00aa CIRETRAN (Circunscri\u00e7\u00e3o Regional de Tr\u00e2nsito) de Caruaru, Raffi\u00ea Dellon, se reuniu com o rec\u00e9m-empossado Gestor da GRE (Ger\u00eancia Regional de Educa\u00e7\u00e3o), Fl\u00e1vio Silva, na Sede do \u00d3rg\u00e3o Educacional, para apresentar o Projeto de Educa\u00e7\u00e3o no Tr\u00e2nsito para os alunos da Rede Estadual de Ensino.&nbsp;<\/div>\n<div class=\"MsoNormal\" style=\"text-align: justify;\">\n<\/div>\n<div class=\"MsoNormal\" style=\"text-align: justify;\">\n\u201cFl\u00e1vio \u00e9 um gestor muito sens\u00edvel as demandas educacionais, nosso intuito, \u00e9 junto a Opera\u00e7\u00e3o Lei Seca, a Pol\u00edcia Militar, o DETRAN e a Ger\u00eancia Regional de Educa\u00e7\u00e3o, criarmos um calend\u00e1rio de planejamento para trabalhar a Educa\u00e7\u00e3o no Tr\u00e2nsito nas Escolas da Rede Estadual de Ensino. \u00c9 mais um projeto pioneiro, onde n\u00e3o temos d\u00favida do resultado ben\u00e9fico para a atual e futuras gera\u00e7\u00f5es\u201d. Comentou Raffi\u00ea.&nbsp;<\/div>\n<div class=\"MsoNormal\" style=\"text-align: justify;\">\n<\/div>\n<div class=\"MsoNormal\" style=\"text-align: justify;\">\nO Agente Ivanildo J\u00fanior tamb\u00e9m participou do Encontro. A expectativa \u00e9 que o Projeto j\u00e1 tenha in\u00edcio no \u201cMaio Amarelo\u201d, m\u00eas internacionalmente dedicado ao movimento de conscientiza\u00e7\u00e3o do Tr\u00e2nsito.<\/div>\n<div style=\"font-family: Calibri, Helvetica, sans-serif; font-size: 16px; text-align: justify;\">\n<\/div>\n<div class=\"yj6qo\" style=\"font-family: Calibri, Helvetica, sans-serif; font-size: 16px;\">\n<\/div>\n<div class=\"adL\" style=\"font-family: Calibri, Helvetica, sans-serif; font-size: 16px;\">\n<\/div>\n<\/div>\n","protected":false},"excerpt":{"rendered":"<p>O Diretor da 4\u00aa CIRETRAN (Circunscri\u00e7\u00e3o Regional de Tr\u00e2nsito) de Caruaru, Raffi\u00ea Dellon, se reuniu com o rec\u00e9m-empossado Gestor da&hellip;<\/p>\n","protected":false},"author":1,"featured_media":0,"comment_status":"open","ping_status":"open","sticky":false,"template":"","format":"standard","meta":{"footnotes":""},"categories":[1],"tags":[2,6,3139],"class_list":["post-2840","post","type-post","status-publish","format-standard","hentry","category-sem-categoria","tag-blog-do-edvaldo-magalhaes","tag-noticias","tag-projeto-de-educacao-no-transito-nas-escolas-da-rede-estadual-pe"],"_links":{"self":[{"href":"https:\/\/blogdoedvaldomagalhaes.com.br\/index.php\/wp-json\/wp\/v2\/posts\/2840","targetHints":{"allow":["GET"]}}],"collection":[{"href":"https:\/\/blogdoedvaldomagalhaes.com.br\/index.php\/wp-json\/wp\/v2\/posts"}],"about":[{"href":"https:\/\/blogdoedvaldomagalhaes.com.br\/index.php\/wp-json\/wp\/v2\/types\/post"}],"author":[{"embeddable":true,"href":"https:\/\/blogdoedvaldomagalhaes.com.br\/index.php\/wp-json\/wp\/v2\/users\/1"}],"replies":[{"embeddable":true,"href":"https:\/\/blogdoedvaldomagalhaes.com.br\/index.php\/wp-json\/wp\/v2\/comments?post=2840"}],"version-history":[{"count":1,"href":"https:\/\/blogdoedvaldomagalhaes.com.br\/index.php\/wp-json\/wp\/v2\/posts\/2840\/revisions"}],"predecessor-version":[{"id":29505,"href":"https:\/\/blogdoedvaldomagalhaes.com.br\/index.php\/wp-json\/wp\/v2\/posts\/2840\/revisions\/29505"}],"wp:attachment":[{"href":"https:\/\/blogdoedvaldomagalhaes.com.br\/index.php\/wp-json\/wp\/v2\/media?parent=2840"}],"wp:term":[{"taxonomy":"category","embeddable":true,"href":"https:\/\/blogdoedvaldomagalhaes.com.br\/index.php\/wp-json\/wp\/v2\/categories?post=2840"},{"taxonomy":"post_tag","embeddable":true,"href":"https:\/\/blogdoedvaldomagalhaes.com.br\/index.php\/wp-json\/wp\/v2\/tags?post=2840"}],"curies":[{"name":"wp","href":"https:\/\/api.w.org\/{rel}","templated":true}]}}