{"id":284,"date":"2019-01-03T23:51:00","date_gmt":"2019-01-04T01:51:00","guid":{"rendered":"http:\/\/blogdoedvaldomagalhaes.com.br\/index.php\/2019\/01\/03\/secretaria-de-saude-de-caruaru-pede\/"},"modified":"2019-02-09T02:48:35","modified_gmt":"2019-02-09T04:48:35","slug":"secretaria-de-saude-de-caruaru-pede","status":"publish","type":"post","link":"https:\/\/blogdoedvaldomagalhaes.com.br\/index.php\/2019\/01\/03\/secretaria-de-saude-de-caruaru-pede\/","title":{"rendered":"Secret\u00e1ria de Sa\u00fade de Caruaru pede exonera\u00e7\u00e3o e vai para o Minist\u00e9rio da Sa\u00fade"},"content":{"rendered":"<div class=\"separator\" style=\"clear: both; text-align: center;\">\n<a href=\"https:\/\/3.bp.blogspot.com\/-QFcgp6ta5hA\/XC6fZ3tqT_I\/AAAAAAABAws\/KFffytShAfwmdggYXdmpGGKfS8yxEtZSgCLcBGAs\/s1600\/IMG-20190103-WA0232.jpg\" imageanchor=\"1\" style=\"margin-left: 1em; margin-right: 1em;\"><img loading=\"lazy\" decoding=\"async\" border=\"0\" data-original-height=\"595\" data-original-width=\"595\" height=\"640\" src=\"http:\/\/blogdoedvaldomagalhaes.com.br\/wp-content\/uploads\/2019\/01\/IMG-20190103-WA0232.jpg\" width=\"640\" \/><\/a><\/div>\n<div class=\"separator\" style=\"clear: both; text-align: center;\">\nFoto: Divulga\u00e7\u00e3o\/Seic<\/div>\n<p><\/p>\n<div style=\"text-align: justify;\">\nA reportagem do Edvaldo Magalh\u00e3es, entrou em contato com a Secret\u00e1ria de Sa\u00fade de Caruaru, Ana Maria Albuquerque, e ela confirmou que pediu exonera\u00e7\u00e3o do cargo, devido ter aceito uma proposta para trabalhar no Minist\u00e9rio da Sa\u00fade, no governo de Jair Bolsonaro.&nbsp;<\/div>\n","protected":false},"excerpt":{"rendered":"<p>Foto: Divulga\u00e7\u00e3o\/Seic A reportagem do Edvaldo Magalh\u00e3es, entrou em contato com a Secret\u00e1ria de Sa\u00fade de Caruaru, Ana Maria Albuquerque,&hellip;<\/p>\n","protected":false},"author":1,"featured_media":0,"comment_status":"open","ping_status":"open","sticky":false,"template":"","format":"standard","meta":{"footnotes":""},"categories":[1],"tags":[2,6],"class_list":["post-284","post","type-post","status-publish","format-standard","hentry","category-sem-categoria","tag-blog-do-edvaldo-magalhaes","tag-noticias"],"_links":{"self":[{"href":"https:\/\/blogdoedvaldomagalhaes.com.br\/index.php\/wp-json\/wp\/v2\/posts\/284","targetHints":{"allow":["GET"]}}],"collection":[{"href":"https:\/\/blogdoedvaldomagalhaes.com.br\/index.php\/wp-json\/wp\/v2\/posts"}],"about":[{"href":"https:\/\/blogdoedvaldomagalhaes.com.br\/index.php\/wp-json\/wp\/v2\/types\/post"}],"author":[{"embeddable":true,"href":"https:\/\/blogdoedvaldomagalhaes.com.br\/index.php\/wp-json\/wp\/v2\/users\/1"}],"replies":[{"embeddable":true,"href":"https:\/\/blogdoedvaldomagalhaes.com.br\/index.php\/wp-json\/wp\/v2\/comments?post=284"}],"version-history":[{"count":1,"href":"https:\/\/blogdoedvaldomagalhaes.com.br\/index.php\/wp-json\/wp\/v2\/posts\/284\/revisions"}],"predecessor-version":[{"id":37287,"href":"https:\/\/blogdoedvaldomagalhaes.com.br\/index.php\/wp-json\/wp\/v2\/posts\/284\/revisions\/37287"}],"wp:attachment":[{"href":"https:\/\/blogdoedvaldomagalhaes.com.br\/index.php\/wp-json\/wp\/v2\/media?parent=284"}],"wp:term":[{"taxonomy":"category","embeddable":true,"href":"https:\/\/blogdoedvaldomagalhaes.com.br\/index.php\/wp-json\/wp\/v2\/categories?post=284"},{"taxonomy":"post_tag","embeddable":true,"href":"https:\/\/blogdoedvaldomagalhaes.com.br\/index.php\/wp-json\/wp\/v2\/tags?post=284"}],"curies":[{"name":"wp","href":"https:\/\/api.w.org\/{rel}","templated":true}]}}