{"id":283,"date":"2019-01-04T01:39:00","date_gmt":"2019-01-04T03:39:00","guid":{"rendered":"http:\/\/blogdoedvaldomagalhaes.com.br\/index.php\/2019\/01\/04\/nomeados-dois-novos-secretarios-de\/"},"modified":"2019-02-09T02:48:35","modified_gmt":"2019-02-09T04:48:35","slug":"nomeados-dois-novos-secretarios-de","status":"publish","type":"post","link":"https:\/\/blogdoedvaldomagalhaes.com.br\/index.php\/2019\/01\/04\/nomeados-dois-novos-secretarios-de\/","title":{"rendered":"Nomeados dois novos secret\u00e1rios de Caruaru e presidente da Funda\u00e7\u00e3o de Cultura e Turismo"},"content":{"rendered":"<div class=\"separator\" style=\"clear: both; text-align: center;\">\n<\/div>\n<ol>\n<li><a href=\"https:\/\/3.bp.blogspot.com\/-zz8RIBeCW5g\/XC63hziPnII\/AAAAAAABAw0\/ubsGaEqnNJc928B0n3EaZnT8TWTD9pX7gCLcBGAs\/s1600\/IMG-20190103-WA0270.jpg\" imageanchor=\"1\" style=\"margin-left: 1em; margin-right: 1em;\"><img loading=\"lazy\" decoding=\"async\" border=\"0\" data-original-height=\"640\" data-original-width=\"640\" height=\"640\" src=\"http:\/\/blogdoedvaldomagalhaes.com.br\/wp-content\/uploads\/2019\/01\/IMG-20190103-WA0270.jpg\" width=\"640\" \/><\/a><\/li>\n<\/ol>\n<div class=\"separator\" style=\"clear: both; text-align: center;\">\nMarta Medeiros&nbsp;<\/div>\n<p><\/p>\n<div style=\"text-align: justify;\">\nA Prefeitura de Caruaru informa que as secretarias de Educa\u00e7\u00e3o (SEDUC), Sa\u00fade (SMS) e a Funda\u00e7\u00e3o de Cultura e Turismo (FCTC) ter\u00e3o novos titulares a partir desta sexta-feira, dia 04\/01.&nbsp;<\/p>\n<p>Na Educa\u00e7\u00e3o assume a pasta Marta de Medeiros Correia (foto acima), atual gerente de Ensino da SEDUC. J\u00e1 Francisco Santos ficar\u00e1 \u00e0 frente da Secretaria de Sa\u00fade. Ele j\u00e1 atuou como secret\u00e1rio executivo de Planejamento, Or\u00e7amento e Gest\u00e3o (SEPLAG). O novo presidente da Funda\u00e7\u00e3o de Cultura ser\u00e1 o secret\u00e1rio de Governo, Rubens J\u00fanior, que vai acumular as duas fun\u00e7\u00f5es temporariamente. A prefeita Raquel Lyra agradeceu os servi\u00e7os prestados pelos ex-secret\u00e1rios Rubenildo Moura, Ana Maria Albuquerque e Maria Alves nas vis\u00edveis melhorias em cada \u00e1rea de atua\u00e7\u00e3o.&nbsp;<\/p>\n<p><b>Confira abaixo o perfil dos novos secret\u00e1rios:<\/b><\/p>\n<p><b>Secretaria de Sa\u00fade &#8211;<\/b> Francisco Santos: professor da Asces-Unita desde 2010 e do curso de medicina da UFPE de Caruaru desde 2013. Formado em fisioterapia na UFPE e com especializa\u00e7\u00e3o, mestrado, doutorado e p\u00f3s-doutorado em Sa\u00fade P\u00fablica. Toda a forma\u00e7\u00e3o de p\u00f3s-gradua\u00e7\u00e3o realizada na Fiocruz.&nbsp;<\/p>\n<p><\/p>\n<div class=\"separator\" style=\"clear: both; text-align: center;\">\n<a href=\"https:\/\/1.bp.blogspot.com\/-uIgwtFO8Z04\/XC7Dium9q9I\/AAAAAAABAw8\/Faui6Q7Cat88g9LUPqwJQRKLJdC81BOJQCLcBGAs\/s1600\/IMG-20190103-WA0292.jpg\" imageanchor=\"1\" style=\"margin-left: 1em; margin-right: 1em;\"><img loading=\"lazy\" decoding=\"async\" border=\"0\" data-original-height=\"518\" data-original-width=\"474\" height=\"640\" src=\"http:\/\/blogdoedvaldomagalhaes.com.br\/wp-content\/uploads\/2019\/01\/IMG-20190103-WA0292.jpg\" width=\"584\" \/><\/a><\/div>\n<div class=\"separator\" style=\"clear: both; text-align: center;\">\nFrancisco Santos&nbsp;<\/div>\n<p><b><br \/>\n<\/b><b>Secretaria de Educa\u00e7\u00e3o \u2013<\/b> Marta de Medeiros Correia: professora p\u00f3s- graduada em Psicologia Educacional pela UFPB. Atua h\u00e1 32 anos na \u00e1rea de educa\u00e7\u00e3o. Foi gerente executiva de educa\u00e7\u00e3o no estado da Para\u00edba e coordenadora estadual do Programa Mais Educa\u00e7\u00e3o. Tamb\u00e9m foi vice-diretora da Funda\u00e7\u00e3o Bradesco e coordenadora estadual de concursos da Funda\u00e7\u00e3o Get\u00falio Vargas.<\/p>\n<\/div>\n","protected":false},"excerpt":{"rendered":"<p>Marta Medeiros&nbsp; A Prefeitura de Caruaru informa que as secretarias de Educa\u00e7\u00e3o (SEDUC), Sa\u00fade (SMS) e a Funda\u00e7\u00e3o de Cultura&hellip;<\/p>\n","protected":false},"author":1,"featured_media":0,"comment_status":"open","ping_status":"open","sticky":false,"template":"","format":"standard","meta":{"footnotes":""},"categories":[1],"tags":[2,284,20],"class_list":["post-283","post","type-post","status-publish","format-standard","hentry","category-sem-categoria","tag-blog-do-edvaldo-magalhaes","tag-nomeados-dois-novos-secretarios-de-caruaru-e-presidente-da-fundacao-de-cultura-e-turismo","tag-politica"],"_links":{"self":[{"href":"https:\/\/blogdoedvaldomagalhaes.com.br\/index.php\/wp-json\/wp\/v2\/posts\/283","targetHints":{"allow":["GET"]}}],"collection":[{"href":"https:\/\/blogdoedvaldomagalhaes.com.br\/index.php\/wp-json\/wp\/v2\/posts"}],"about":[{"href":"https:\/\/blogdoedvaldomagalhaes.com.br\/index.php\/wp-json\/wp\/v2\/types\/post"}],"author":[{"embeddable":true,"href":"https:\/\/blogdoedvaldomagalhaes.com.br\/index.php\/wp-json\/wp\/v2\/users\/1"}],"replies":[{"embeddable":true,"href":"https:\/\/blogdoedvaldomagalhaes.com.br\/index.php\/wp-json\/wp\/v2\/comments?post=283"}],"version-history":[{"count":1,"href":"https:\/\/blogdoedvaldomagalhaes.com.br\/index.php\/wp-json\/wp\/v2\/posts\/283\/revisions"}],"predecessor-version":[{"id":37290,"href":"https:\/\/blogdoedvaldomagalhaes.com.br\/index.php\/wp-json\/wp\/v2\/posts\/283\/revisions\/37290"}],"wp:attachment":[{"href":"https:\/\/blogdoedvaldomagalhaes.com.br\/index.php\/wp-json\/wp\/v2\/media?parent=283"}],"wp:term":[{"taxonomy":"category","embeddable":true,"href":"https:\/\/blogdoedvaldomagalhaes.com.br\/index.php\/wp-json\/wp\/v2\/categories?post=283"},{"taxonomy":"post_tag","embeddable":true,"href":"https:\/\/blogdoedvaldomagalhaes.com.br\/index.php\/wp-json\/wp\/v2\/tags?post=283"}],"curies":[{"name":"wp","href":"https:\/\/api.w.org\/{rel}","templated":true}]}}